{"id":6851,"date":"2020-10-24T19:27:36","date_gmt":"2020-10-24T19:27:36","guid":{"rendered":"https:\/\/blogsaverroes.juntadeandalucia.es\/ceipsansebastiandemijas\/?p=6851"},"modified":"2021-02-12T17:33:47","modified_gmt":"2021-02-12T17:33:47","slug":"dia-de-las-bibliotecas","status":"publish","type":"post","link":"https:\/\/blogsaverroes.juntadeandalucia.es\/ceipsansebastiandemijas\/dia-de-las-bibliotecas\/","title":{"rendered":"D\u00eda de las Bibliotecas"},"content":{"rendered":"<p><span style=\"font-size: 16pt\">El 24 de octubre celebramos en el centro el <strong>D\u00eda de las Bibliotecas<\/strong>.<\/span><\/p>\n<p><span style=\"font-size: 16pt\">La se\u00f1o Marta, y las mam\u00e1s narradoras del grupo Arco Iris, nos han preparado unas fant\u00e1sticas actividades.<\/span><\/p>\n<p><a href=\"https:\/\/blogsaverroes.juntadeandalucia.es\/ceipsansebastiandemijas\/files\/2020\/10\/D\u00cdA-DE-LA-BIBLIOTECA-2020.pdf\" target=\"_blank\" rel=\"noopener noreferrer\"><img fetchpriority=\"high\" decoding=\"async\" class=\"aligncenter wp-image-6859 size-large\" src=\"https:\/\/blogsaverroes.juntadeandalucia.es\/ceipsansebastiandemijas\/files\/2020\/10\/Biblioteca-1024x719.png\" alt=\"\" width=\"682\" height=\"479\" srcset=\"https:\/\/blogsaverroes.juntadeandalucia.es\/ceipsansebastiandemijas\/files\/2020\/10\/Biblioteca-1024x719.png 1024w, https:\/\/blogsaverroes.juntadeandalucia.es\/ceipsansebastiandemijas\/files\/2020\/10\/Biblioteca-300x211.png 300w, https:\/\/blogsaverroes.juntadeandalucia.es\/ceipsansebastiandemijas\/files\/2020\/10\/Biblioteca-768x539.png 768w, https:\/\/blogsaverroes.juntadeandalucia.es\/ceipsansebastiandemijas\/files\/2020\/10\/Biblioteca-24x17.png 24w, https:\/\/blogsaverroes.juntadeandalucia.es\/ceipsansebastiandemijas\/files\/2020\/10\/Biblioteca-36x25.png 36w, https:\/\/blogsaverroes.juntadeandalucia.es\/ceipsansebastiandemijas\/files\/2020\/10\/Biblioteca-48x34.png 48w, https:\/\/blogsaverroes.juntadeandalucia.es\/ceipsansebastiandemijas\/files\/2020\/10\/Biblioteca.png 1223w\" sizes=\"(max-width: 682px) 100vw, 682px\" \/><\/a><\/p>\n","protected":false},"excerpt":{"rendered":"<p>El 24 de octubre celebramos en el centro el D\u00eda de las Bibliotecas. La se\u00f1o Marta, y las mam\u00e1s narradoras del grupo Arco Iris, nos han preparado unas fant\u00e1sticas actividades.<\/p>\n","protected":false},"author":8532,"featured_media":6857,"comment_status":"open","ping_status":"open","sticky":false,"template":"","format":"standard","meta":{"ngg_post_thumbnail":0,"footnotes":""},"categories":[213,176491,49688,2031337],"tags":[],"aioseo_notices":[],"_links":{"self":[{"href":"https:\/\/blogsaverroes.juntadeandalucia.es\/ceipsansebastiandemijas\/wp-json\/wp\/v2\/posts\/6851"}],"collection":[{"href":"https:\/\/blogsaverroes.juntadeandalucia.es\/ceipsansebastiandemijas\/wp-json\/wp\/v2\/posts"}],"about":[{"href":"https:\/\/blogsaverroes.juntadeandalucia.es\/ceipsansebastiandemijas\/wp-json\/wp\/v2\/types\/post"}],"author":[{"embeddable":true,"href":"https:\/\/blogsaverroes.juntadeandalucia.es\/ceipsansebastiandemijas\/wp-json\/wp\/v2\/users\/8532"}],"replies":[{"embeddable":true,"href":"https:\/\/blogsaverroes.juntadeandalucia.es\/ceipsansebastiandemijas\/wp-json\/wp\/v2\/comments?post=6851"}],"version-history":[{"count":4,"href":"https:\/\/blogsaverroes.juntadeandalucia.es\/ceipsansebastiandemijas\/wp-json\/wp\/v2\/posts\/6851\/revisions"}],"predecessor-version":[{"id":7150,"href":"https:\/\/blogsaverroes.juntadeandalucia.es\/ceipsansebastiandemijas\/wp-json\/wp\/v2\/posts\/6851\/revisions\/7150"}],"wp:featuredmedia":[{"embeddable":true,"href":"https:\/\/blogsaverroes.juntadeandalucia.es\/ceipsansebastiandemijas\/wp-json\/wp\/v2\/media\/6857"}],"wp:attachment":[{"href":"https:\/\/blogsaverroes.juntadeandalucia.es\/ceipsansebastiandemijas\/wp-json\/wp\/v2\/media?parent=6851"}],"wp:term":[{"taxonomy":"category","embeddable":true,"href":"https:\/\/blogsaverroes.juntadeandalucia.es\/ceipsansebastiandemijas\/wp-json\/wp\/v2\/categories?post=6851"},{"taxonomy":"post_tag","embeddable":true,"href":"https:\/\/blogsaverroes.juntadeandalucia.es\/ceipsansebastiandemijas\/wp-json\/wp\/v2\/tags?post=6851"}],"curies":[{"name":"wp","href":"https:\/\/api.w.org\/{rel}","templated":true}]}}