{"id":7145,"date":"2021-02-12T17:29:30","date_gmt":"2021-02-12T17:29:30","guid":{"rendered":"https:\/\/blogsaverroes.juntadeandalucia.es\/ceipsansebastiandemijas\/?p=7145"},"modified":"2022-02-15T15:42:48","modified_gmt":"2022-02-15T15:42:48","slug":"la-princesa-de-jorge-bucay","status":"publish","type":"post","link":"https:\/\/blogsaverroes.juntadeandalucia.es\/ceipsansebastiandemijas\/la-princesa-de-jorge-bucay\/","title":{"rendered":"\u00abLA PRINCESA\u00bb de Jorge Bucay"},"content":{"rendered":"<p><span style=\"font-size: 16pt\">Las mam\u00e1s del Proyecto Arco\u00edris, nos narran, una vez m\u00e1s, un cuento de Jorge Bucay para la celebraci\u00f3n del d\u00eda de San Valent\u00edn, el d\u00eda del amor.<\/span><\/p>\n<p><span style=\"font-size: 16pt\">Un cuento que nos hace pensar sobre la naturaleza misma del amor.<\/span><\/p>\n<div class=\"post-video\"><iframe title=\"Grupo Arco Iris.D\u00eda de San Valent\u00edn.Biblioteca Ceip San Sebasti\u00e1n de Mijas\" width=\"1165\" height=\"655\" src=\"https:\/\/www.youtube.com\/embed\/uC02XfPrkLc?feature=oembed\" frameborder=\"0\" allow=\"accelerometer; autoplay; clipboard-write; encrypted-media; gyroscope; picture-in-picture; web-share\" referrerpolicy=\"strict-origin-when-cross-origin\" allowfullscreen><\/iframe><\/div>\n<p>&nbsp;<\/p>\n","protected":false},"excerpt":{"rendered":"<p>Las mam\u00e1s del Proyecto Arco\u00edris, nos narran, una vez m\u00e1s, un cuento de Jorge Bucay para la celebraci\u00f3n del d\u00eda de San Valent\u00edn, el d\u00eda del amor. Un cuento que nos hace pensar sobre la naturaleza misma del amor. &nbsp;<\/p>\n","protected":false},"author":8532,"featured_media":7146,"comment_status":"open","ping_status":"open","sticky":false,"template":"","format":"standard","meta":{"ngg_post_thumbnail":0,"footnotes":""},"categories":[2031341,213,49688,2031337],"tags":[],"aioseo_notices":[],"_links":{"self":[{"href":"https:\/\/blogsaverroes.juntadeandalucia.es\/ceipsansebastiandemijas\/wp-json\/wp\/v2\/posts\/7145"}],"collection":[{"href":"https:\/\/blogsaverroes.juntadeandalucia.es\/ceipsansebastiandemijas\/wp-json\/wp\/v2\/posts"}],"about":[{"href":"https:\/\/blogsaverroes.juntadeandalucia.es\/ceipsansebastiandemijas\/wp-json\/wp\/v2\/types\/post"}],"author":[{"embeddable":true,"href":"https:\/\/blogsaverroes.juntadeandalucia.es\/ceipsansebastiandemijas\/wp-json\/wp\/v2\/users\/8532"}],"replies":[{"embeddable":true,"href":"https:\/\/blogsaverroes.juntadeandalucia.es\/ceipsansebastiandemijas\/wp-json\/wp\/v2\/comments?post=7145"}],"version-history":[{"count":5,"href":"https:\/\/blogsaverroes.juntadeandalucia.es\/ceipsansebastiandemijas\/wp-json\/wp\/v2\/posts\/7145\/revisions"}],"predecessor-version":[{"id":7153,"href":"https:\/\/blogsaverroes.juntadeandalucia.es\/ceipsansebastiandemijas\/wp-json\/wp\/v2\/posts\/7145\/revisions\/7153"}],"wp:featuredmedia":[{"embeddable":true,"href":"https:\/\/blogsaverroes.juntadeandalucia.es\/ceipsansebastiandemijas\/wp-json\/wp\/v2\/media\/7146"}],"wp:attachment":[{"href":"https:\/\/blogsaverroes.juntadeandalucia.es\/ceipsansebastiandemijas\/wp-json\/wp\/v2\/media?parent=7145"}],"wp:term":[{"taxonomy":"category","embeddable":true,"href":"https:\/\/blogsaverroes.juntadeandalucia.es\/ceipsansebastiandemijas\/wp-json\/wp\/v2\/categories?post=7145"},{"taxonomy":"post_tag","embeddable":true,"href":"https:\/\/blogsaverroes.juntadeandalucia.es\/ceipsansebastiandemijas\/wp-json\/wp\/v2\/tags?post=7145"}],"curies":[{"name":"wp","href":"https:\/\/api.w.org\/{rel}","templated":true}]}}