{"id":7362,"date":"2021-03-11T07:36:51","date_gmt":"2021-03-11T07:36:51","guid":{"rendered":"https:\/\/blogsaverroes.juntadeandalucia.es\/ceipsansebastiandemijas\/?p=7362"},"modified":"2021-03-11T07:36:51","modified_gmt":"2021-03-11T07:36:51","slug":"numeros-decimales","status":"publish","type":"post","link":"https:\/\/blogsaverroes.juntadeandalucia.es\/ceipsansebastiandemijas\/numeros-decimales\/","title":{"rendered":"N\u00fameros decimales"},"content":{"rendered":"<p>MATEM\u00c1TICAS:<\/p>\n<p><a href=\"https:\/\/es.liveworksheets.com\/sy1550983yj\">N\u00fameros decimales<\/a><\/p>\n<p><a href=\"https:\/\/es.liveworksheets.com\/le629137ed\">N\u00fameros decimales II<\/a><\/p>\n<p><a href=\"http:\/\/N\u00fameros%20decimales%20III\">N\u00fameros decimales III<\/a><\/p>\n<p><a href=\"https:\/\/es.liveworksheets.com\/zp171477op\">Fracciones decimales<\/a><\/p>\n<p><a href=\"https:\/\/es.liveworksheets.com\/px724599cz\">Porcentajes<\/a><\/p>\n<p><a href=\"https:\/\/es.liveworksheets.com\/lr171499ss\">Calcular Porcentajes<\/a><\/p>\n<p>LENGUA CASTELLANA:<\/p>\n<p><a href=\"https:\/\/es.liveworksheets.com\/cf447807aj\">Campo sem\u00e1ntico<\/a><\/p>\n<p><a href=\"https:\/\/es.liveworksheets.com\/dj163357jq\">Campo sem\u00e1ntico II<\/a><\/p>\n<p><a href=\"https:\/\/es.liveworksheets.com\/ov564281se\">Pronombres personales<\/a><\/p>\n<p><a href=\"https:\/\/es.liveworksheets.com\/ox770037mj\">Pronombres personales II<\/a><\/p>\n<p>CIENCIAS SOCIALES<\/p>\n<p><a href=\"https:\/\/es.liveworksheets.com\/ov1473697si\">Los climas de Espa\u00f1a<\/a><\/p>\n<p>&nbsp;<\/p>\n<p>&nbsp;<\/p>\n","protected":false},"excerpt":{"rendered":"<p>MATEM\u00c1TICAS: N\u00fameros decimales N\u00fameros decimales II N\u00fameros decimales III Fracciones decimales Porcentajes Calcular Porcentajes LENGUA CASTELLANA: Campo sem\u00e1ntico Campo sem\u00e1ntico II Pronombres personales Pronombres personales II CIENCIAS SOCIALES Los climas de Espa\u00f1a &nbsp; &nbsp;<\/p>\n","protected":false},"author":10881,"featured_media":7363,"comment_status":"open","ping_status":"open","sticky":false,"template":"","format":"standard","meta":{"ngg_post_thumbnail":0,"footnotes":""},"categories":[2031303],"tags":[],"aioseo_notices":[],"_links":{"self":[{"href":"https:\/\/blogsaverroes.juntadeandalucia.es\/ceipsansebastiandemijas\/wp-json\/wp\/v2\/posts\/7362"}],"collection":[{"href":"https:\/\/blogsaverroes.juntadeandalucia.es\/ceipsansebastiandemijas\/wp-json\/wp\/v2\/posts"}],"about":[{"href":"https:\/\/blogsaverroes.juntadeandalucia.es\/ceipsansebastiandemijas\/wp-json\/wp\/v2\/types\/post"}],"author":[{"embeddable":true,"href":"https:\/\/blogsaverroes.juntadeandalucia.es\/ceipsansebastiandemijas\/wp-json\/wp\/v2\/users\/10881"}],"replies":[{"embeddable":true,"href":"https:\/\/blogsaverroes.juntadeandalucia.es\/ceipsansebastiandemijas\/wp-json\/wp\/v2\/comments?post=7362"}],"version-history":[{"count":1,"href":"https:\/\/blogsaverroes.juntadeandalucia.es\/ceipsansebastiandemijas\/wp-json\/wp\/v2\/posts\/7362\/revisions"}],"predecessor-version":[{"id":7364,"href":"https:\/\/blogsaverroes.juntadeandalucia.es\/ceipsansebastiandemijas\/wp-json\/wp\/v2\/posts\/7362\/revisions\/7364"}],"wp:featuredmedia":[{"embeddable":true,"href":"https:\/\/blogsaverroes.juntadeandalucia.es\/ceipsansebastiandemijas\/wp-json\/wp\/v2\/media\/7363"}],"wp:attachment":[{"href":"https:\/\/blogsaverroes.juntadeandalucia.es\/ceipsansebastiandemijas\/wp-json\/wp\/v2\/media?parent=7362"}],"wp:term":[{"taxonomy":"category","embeddable":true,"href":"https:\/\/blogsaverroes.juntadeandalucia.es\/ceipsansebastiandemijas\/wp-json\/wp\/v2\/categories?post=7362"},{"taxonomy":"post_tag","embeddable":true,"href":"https:\/\/blogsaverroes.juntadeandalucia.es\/ceipsansebastiandemijas\/wp-json\/wp\/v2\/tags?post=7362"}],"curies":[{"name":"wp","href":"https:\/\/api.w.org\/{rel}","templated":true}]}}