{"id":7395,"date":"2021-04-05T21:23:59","date_gmt":"2021-04-05T21:23:59","guid":{"rendered":"https:\/\/blogsaverroes.juntadeandalucia.es\/ceipsansebastiandemijas\/?p=7395"},"modified":"2022-02-15T15:41:47","modified_gmt":"2022-02-15T15:41:47","slug":"colegio-visual","status":"publish","type":"post","link":"https:\/\/blogsaverroes.juntadeandalucia.es\/ceipsansebastiandemijas\/colegio-visual\/","title":{"rendered":"2 de abril: D\u00eda Mundial de Concienciaci\u00f3n sobre el Autismo"},"content":{"rendered":"<p style=\"text-align: center\"><strong><span style=\"font-size: 28pt\">2 de abril: D\u00eda Mundial de Concienciaci\u00f3n sobre el Autismo<\/span><\/strong><\/p>\n<p><span style=\"font-size: 16pt\">Al coincidir el d\u00eda 2 de abril con no lectivo vamos a realizar esta semana una serie de actividades. (Pincha en el coraz\u00f3n para verlas)<\/span><\/p>\n<p><a href=\"https:\/\/blogsaverroes.juntadeandalucia.es\/ceipsansebastiandemijas\/files\/2021\/04\/D\u00eda-Mundial-Concienciaci\u00f3n-sobre-el-autismo.-1.pdf\" target=\"_blank\" rel=\"noopener noreferrer\"><img fetchpriority=\"high\" decoding=\"async\" class=\"aligncenter wp-image-7407 size-full\" src=\"https:\/\/blogsaverroes.juntadeandalucia.es\/ceipsansebastiandemijas\/files\/2021\/04\/autismo.jpg\" alt=\"\" width=\"436\" height=\"320\" srcset=\"https:\/\/blogsaverroes.juntadeandalucia.es\/ceipsansebastiandemijas\/files\/2021\/04\/autismo.jpg 436w, https:\/\/blogsaverroes.juntadeandalucia.es\/ceipsansebastiandemijas\/files\/2021\/04\/autismo-300x220.jpg 300w\" sizes=\"(max-width: 436px) 100vw, 436px\" \/><\/a><\/p>\n<p><span style=\"font-size: 16pt\">Los globos azules ayudan a concienciarnos de que hay muchas tonalidades para ver el mundo.<\/span><\/p>\n<div id='gallery-1' class='gallery galleryid-7395 gallery-columns-2 gallery-size-medium'><figure class='gallery-item'>\n\t\t\t<div class='gallery-icon landscape'>\n\t\t\t\t<a href='https:\/\/blogsaverroes.juntadeandalucia.es\/ceipsansebastiandemijas\/img-20210406-wa0007\/'><img decoding=\"async\" width=\"300\" height=\"225\" src=\"https:\/\/blogsaverroes.juntadeandalucia.es\/ceipsansebastiandemijas\/files\/2021\/04\/IMG-20210406-WA0007-300x225.jpg\" class=\"attachment-medium size-medium\" alt=\"\" srcset=\"https:\/\/blogsaverroes.juntadeandalucia.es\/ceipsansebastiandemijas\/files\/2021\/04\/IMG-20210406-WA0007-300x225.jpg 300w, https:\/\/blogsaverroes.juntadeandalucia.es\/ceipsansebastiandemijas\/files\/2021\/04\/IMG-20210406-WA0007-1024x768.jpg 1024w, https:\/\/blogsaverroes.juntadeandalucia.es\/ceipsansebastiandemijas\/files\/2021\/04\/IMG-20210406-WA0007-768x576.jpg 768w, https:\/\/blogsaverroes.juntadeandalucia.es\/ceipsansebastiandemijas\/files\/2021\/04\/IMG-20210406-WA0007-1536x1152.jpg 1536w, https:\/\/blogsaverroes.juntadeandalucia.es\/ceipsansebastiandemijas\/files\/2021\/04\/IMG-20210406-WA0007.jpg 1600w\" sizes=\"(max-width: 300px) 100vw, 300px\" \/><\/a>\n\t\t\t<\/div><\/figure><figure class='gallery-item'>\n\t\t\t<div class='gallery-icon landscape'>\n\t\t\t\t<a href='https:\/\/blogsaverroes.juntadeandalucia.es\/ceipsansebastiandemijas\/img-20210406-wa0006\/'><img decoding=\"async\" width=\"300\" height=\"225\" src=\"https:\/\/blogsaverroes.juntadeandalucia.es\/ceipsansebastiandemijas\/files\/2021\/04\/IMG-20210406-WA0006-300x225.jpg\" class=\"attachment-medium size-medium\" alt=\"\" srcset=\"https:\/\/blogsaverroes.juntadeandalucia.es\/ceipsansebastiandemijas\/files\/2021\/04\/IMG-20210406-WA0006-300x225.jpg 300w, https:\/\/blogsaverroes.juntadeandalucia.es\/ceipsansebastiandemijas\/files\/2021\/04\/IMG-20210406-WA0006-1024x768.jpg 1024w, https:\/\/blogsaverroes.juntadeandalucia.es\/ceipsansebastiandemijas\/files\/2021\/04\/IMG-20210406-WA0006-768x576.jpg 768w, https:\/\/blogsaverroes.juntadeandalucia.es\/ceipsansebastiandemijas\/files\/2021\/04\/IMG-20210406-WA0006-1536x1152.jpg 1536w, https:\/\/blogsaverroes.juntadeandalucia.es\/ceipsansebastiandemijas\/files\/2021\/04\/IMG-20210406-WA0006.jpg 1600w\" sizes=\"(max-width: 300px) 100vw, 300px\" \/><\/a>\n\t\t\t<\/div><\/figure>\n\t\t<\/div>\n\n<p>&nbsp;<\/p>\n<p><span style=\"font-size: 16pt\">El <strong>Equipo de Orientaci\u00f3n<\/strong> ha se\u00f1alizado todas y cada una de las zonas del cole. Con esta iniciativa pretenden hacer de nuestro colegio un lugar accesible y comprensible para todos. Comprender los entornos en los que nos movemos cotidianamente mejora el bienestar emocional y la calidad de vida.<\/span><\/p>\n<div class=\"post-video\"><iframe title=\"Colegio Visual. CEIP San Sebasti\u00e1n de Mijas. 2021\" width=\"1165\" height=\"655\" src=\"https:\/\/www.youtube.com\/embed\/tpVtWEf-Z2w?feature=oembed\" frameborder=\"0\" allow=\"accelerometer; autoplay; clipboard-write; encrypted-media; gyroscope; picture-in-picture; web-share\" referrerpolicy=\"strict-origin-when-cross-origin\" allowfullscreen><\/iframe><\/div>\n","protected":false},"excerpt":{"rendered":"<p>2 de abril: D\u00eda Mundial de Concienciaci\u00f3n sobre el Autismo Al coincidir el d\u00eda 2 de abril con no lectivo vamos a realizar esta semana una serie de actividades. (Pincha en el coraz\u00f3n para verlas) Los globos azules ayudan a concienciarnos de que hay muchas tonalidades para ver el mundo. &nbsp; El Equipo de Orientaci\u00f3n [&hellip;]<\/p>\n","protected":false},"author":8532,"featured_media":7407,"comment_status":"open","ping_status":"open","sticky":false,"template":"","format":"standard","meta":{"ngg_post_thumbnail":0,"footnotes":""},"categories":[2031341,2031311,2031338],"tags":[],"aioseo_notices":[],"_links":{"self":[{"href":"https:\/\/blogsaverroes.juntadeandalucia.es\/ceipsansebastiandemijas\/wp-json\/wp\/v2\/posts\/7395"}],"collection":[{"href":"https:\/\/blogsaverroes.juntadeandalucia.es\/ceipsansebastiandemijas\/wp-json\/wp\/v2\/posts"}],"about":[{"href":"https:\/\/blogsaverroes.juntadeandalucia.es\/ceipsansebastiandemijas\/wp-json\/wp\/v2\/types\/post"}],"author":[{"embeddable":true,"href":"https:\/\/blogsaverroes.juntadeandalucia.es\/ceipsansebastiandemijas\/wp-json\/wp\/v2\/users\/8532"}],"replies":[{"embeddable":true,"href":"https:\/\/blogsaverroes.juntadeandalucia.es\/ceipsansebastiandemijas\/wp-json\/wp\/v2\/comments?post=7395"}],"version-history":[{"count":4,"href":"https:\/\/blogsaverroes.juntadeandalucia.es\/ceipsansebastiandemijas\/wp-json\/wp\/v2\/posts\/7395\/revisions"}],"predecessor-version":[{"id":7408,"href":"https:\/\/blogsaverroes.juntadeandalucia.es\/ceipsansebastiandemijas\/wp-json\/wp\/v2\/posts\/7395\/revisions\/7408"}],"wp:featuredmedia":[{"embeddable":true,"href":"https:\/\/blogsaverroes.juntadeandalucia.es\/ceipsansebastiandemijas\/wp-json\/wp\/v2\/media\/7407"}],"wp:attachment":[{"href":"https:\/\/blogsaverroes.juntadeandalucia.es\/ceipsansebastiandemijas\/wp-json\/wp\/v2\/media?parent=7395"}],"wp:term":[{"taxonomy":"category","embeddable":true,"href":"https:\/\/blogsaverroes.juntadeandalucia.es\/ceipsansebastiandemijas\/wp-json\/wp\/v2\/categories?post=7395"},{"taxonomy":"post_tag","embeddable":true,"href":"https:\/\/blogsaverroes.juntadeandalucia.es\/ceipsansebastiandemijas\/wp-json\/wp\/v2\/tags?post=7395"}],"curies":[{"name":"wp","href":"https:\/\/api.w.org\/{rel}","templated":true}]}}