{"id":8377,"date":"2021-11-01T19:28:56","date_gmt":"2021-11-01T19:28:56","guid":{"rendered":"https:\/\/blogsaverroes.juntadeandalucia.es\/ceipsansebastiandemijas\/?p=8377"},"modified":"2022-02-15T15:38:57","modified_gmt":"2022-02-15T15:38:57","slug":"volcan-de-la-palma","status":"publish","type":"post","link":"https:\/\/blogsaverroes.juntadeandalucia.es\/ceipsansebastiandemijas\/volcan-de-la-palma\/","title":{"rendered":"Volc\u00e1n de la Palma"},"content":{"rendered":"\t\t<div data-elementor-type=\"wp-post\" data-elementor-id=\"8377\" class=\"elementor elementor-8377\">\n\t\t\t\t\t\t<section class=\"elementor-section elementor-top-section elementor-element elementor-element-952ecd9 elementor-section-boxed elementor-section-height-default elementor-section-height-default\" data-id=\"952ecd9\" data-element_type=\"section\">\n\t\t\t\t\t\t<div class=\"elementor-container elementor-column-gap-default\">\n\t\t\t\t\t<div class=\"elementor-column elementor-col-100 elementor-top-column elementor-element elementor-element-4602838\" data-id=\"4602838\" data-element_type=\"column\">\n\t\t\t<div class=\"elementor-widget-wrap elementor-element-populated\">\n\t\t\t\t\t\t<div class=\"elementor-element elementor-element-66b89b1 elementor-widget elementor-widget-spacer\" data-id=\"66b89b1\" data-element_type=\"widget\" data-widget_type=\"spacer.default\">\n\t\t\t\t<div class=\"elementor-widget-container\">\n\t\t\t\t\t\t\t<div class=\"elementor-spacer\">\n\t\t\t<div class=\"elementor-spacer-inner\"><\/div>\n\t\t<\/div>\n\t\t\t\t\t\t<\/div>\n\t\t\t\t<\/div>\n\t\t\t\t<div class=\"elementor-element elementor-element-808917b elementor-widget elementor-widget-heading\" data-id=\"808917b\" data-element_type=\"widget\" data-widget_type=\"heading.default\">\n\t\t\t\t<div class=\"elementor-widget-container\">\n\t\t\t\t\t<h2 class=\"elementor-heading-title elementor-size-default\">El volc\u00e1n de La Palma<\/h2>\t\t\t\t<\/div>\n\t\t\t\t<\/div>\n\t\t\t\t<div class=\"elementor-element elementor-element-ddd21cf elementor-widget elementor-widget-spacer\" data-id=\"ddd21cf\" data-element_type=\"widget\" data-widget_type=\"spacer.default\">\n\t\t\t\t<div class=\"elementor-widget-container\">\n\t\t\t\t\t\t\t<div class=\"elementor-spacer\">\n\t\t\t<div class=\"elementor-spacer-inner\"><\/div>\n\t\t<\/div>\n\t\t\t\t\t\t<\/div>\n\t\t\t\t<\/div>\n\t\t\t\t\t<\/div>\n\t\t<\/div>\n\t\t\t\t\t<\/div>\n\t\t<\/section>\n\t\t\t\t<section class=\"elementor-section elementor-top-section elementor-element elementor-element-94a5c25 elementor-section-boxed elementor-section-height-default elementor-section-height-default\" data-id=\"94a5c25\" data-element_type=\"section\">\n\t\t\t\t\t\t<div class=\"elementor-container elementor-column-gap-default\">\n\t\t\t\t\t<div class=\"elementor-column elementor-col-66 elementor-top-column elementor-element elementor-element-37a6481\" data-id=\"37a6481\" data-element_type=\"column\">\n\t\t\t<div class=\"elementor-widget-wrap elementor-element-populated\">\n\t\t\t\t\t\t<div class=\"elementor-element elementor-element-775a7e7 elementor-widget elementor-widget-text-editor\" data-id=\"775a7e7\" data-element_type=\"widget\" data-widget_type=\"text-editor.default\">\n\t\t\t\t<div class=\"elementor-widget-container\">\n\t\t\t\t\t\t\t\t\t<div dir=\"auto\">Las ni\u00f1as y ni\u00f1os de 5 a\u00f1os han realizado un proyecto sobre volcanes surgido del inter\u00e9s suscitado al ver en las noticias la explosi\u00f3n del volc\u00e1n de la Palma.\u00a0<\/div><div dir=\"auto\">En este proyecto hemos aprendido c\u00f3mo se forma un volc\u00e1n, sus partes, de que se compone la lava, los volcanes m\u00e1s importantes y peligrosos de cada continente. Hemos realizado experimentos donde nuestros volcanes han explotado.\u00a0<\/div><div dir=\"auto\">C\u00f3mo siempre nuestras maravillosas familias han colaborado para que los ni\u00f1os y ni\u00f1as aprendan un mont\u00f3n y han aportado a nuestras clases materiales muy interesantes, desde libros, revistas, informaci\u00f3n, manualidades, volcanes,&#8230;.<\/div><div dir=\"auto\">Os ense\u00f1amos una muestra.<\/div>\t\t\t\t\t\t\t\t<\/div>\n\t\t\t\t<\/div>\n\t\t\t\t\t<\/div>\n\t\t<\/div>\n\t\t\t\t<div class=\"elementor-column elementor-col-33 elementor-top-column elementor-element elementor-element-79d905b\" data-id=\"79d905b\" data-element_type=\"column\">\n\t\t\t<div class=\"elementor-widget-wrap elementor-element-populated\">\n\t\t\t\t\t\t<div class=\"elementor-element elementor-element-ef1d73d elementor-widget elementor-widget-video\" data-id=\"ef1d73d\" data-element_type=\"widget\" data-settings=\"{&quot;video_type&quot;:&quot;hosted&quot;,&quot;start&quot;:&quot;14&quot;,&quot;autoplay&quot;:&quot;yes&quot;,&quot;mute&quot;:&quot;yes&quot;,&quot;loop&quot;:&quot;yes&quot;,&quot;controls&quot;:&quot;yes&quot;}\" data-widget_type=\"video.default\">\n\t\t\t\t<div class=\"elementor-widget-container\">\n\t\t\t\t\t\t\t<div class=\"e-hosted-video elementor-wrapper elementor-open-inline\">\n\t\t\t\t\t<video class=\"elementor-video\" src=\"https:\/\/blogsaverroes.juntadeandalucia.es\/ceipsansebastiandemijas\/files\/2021\/11\/VID-20211028-WA0054.mp4#t=14\" autoplay=\"\" loop=\"\" controls=\"\" muted=\"muted\" controlsList=\"nodownload\"><\/video>\n\t\t\t\t<\/div>\n\t\t\t\t\t\t<\/div>\n\t\t\t\t<\/div>\n\t\t\t\t\t<\/div>\n\t\t<\/div>\n\t\t\t\t\t<\/div>\n\t\t<\/section>\n\t\t\t\t<section class=\"elementor-section elementor-top-section elementor-element elementor-element-b8fa025 elementor-section-boxed elementor-section-height-default elementor-section-height-default\" data-id=\"b8fa025\" data-element_type=\"section\">\n\t\t\t\t\t\t<div class=\"elementor-container elementor-column-gap-default\">\n\t\t\t\t\t<div class=\"elementor-column elementor-col-100 elementor-top-column elementor-element elementor-element-95a0bf7\" data-id=\"95a0bf7\" data-element_type=\"column\">\n\t\t\t<div class=\"elementor-widget-wrap elementor-element-populated\">\n\t\t\t\t\t\t<div class=\"elementor-element elementor-element-db4ad8e elementor-arrows-position-inside elementor-pagination-position-outside elementor-widget elementor-widget-image-carousel\" data-id=\"db4ad8e\" data-element_type=\"widget\" data-settings=\"{&quot;slides_to_show&quot;:&quot;1&quot;,&quot;pause_on_hover&quot;:&quot;no&quot;,&quot;pause_on_interaction&quot;:&quot;no&quot;,&quot;navigation&quot;:&quot;both&quot;,&quot;autoplay&quot;:&quot;yes&quot;,&quot;autoplay_speed&quot;:5000,&quot;infinite&quot;:&quot;yes&quot;,&quot;effect&quot;:&quot;slide&quot;,&quot;speed&quot;:500}\" data-widget_type=\"image-carousel.default\">\n\t\t\t\t<div class=\"elementor-widget-container\">\n\t\t\t\t\t\t\t<div class=\"elementor-image-carousel-wrapper swiper\" role=\"region\" aria-roledescription=\"carousel\" aria-label=\"Carrusel de im\u00e1genes\" dir=\"ltr\">\n\t\t\t<div class=\"elementor-image-carousel swiper-wrapper\" aria-live=\"off\">\n\t\t\t\t\t\t\t\t<div class=\"swiper-slide\" role=\"group\" aria-roledescription=\"slide\" aria-label=\"1 de 19\"><a data-elementor-open-lightbox=\"yes\" data-elementor-lightbox-slideshow=\"db4ad8e\" data-elementor-lightbox-title=\"IMG-20211028-WA0048\" data-e-action-hash=\"#elementor-action%3Aaction%3Dlightbox%26settings%3DeyJpZCI6IjgzOTYiLCJ1cmwiOiJodHRwczpcL1wvYmxvZ3NhdmVycm9lcy5qdW50YWRlYW5kYWx1Y2lhLmVzXC9jZWlwc2Fuc2ViYXN0aWFuZGVtaWphc1wvZmlsZXNcLzIwMjFcLzExXC9JTUctMjAyMTEwMjgtV0EwMDQ4LmpwZyIsInNsaWRlc2hvdyI6ImRiNGFkOGUifQ%3D%3D\" href=\"https:\/\/blogsaverroes.juntadeandalucia.es\/ceipsansebastiandemijas\/files\/2021\/11\/IMG-20211028-WA0048.jpg\" rel=\"prettyPhoto[8377]\"><figure class=\"swiper-slide-inner\"><img decoding=\"async\" class=\"swiper-slide-image\" src=\"https:\/\/blogsaverroes.juntadeandalucia.es\/ceipsansebastiandemijas\/files\/2021\/11\/IMG-20211028-WA0048-640x300.jpg\" alt=\"IMG-20211028-WA0048\" \/><\/figure><\/a><\/div><div class=\"swiper-slide\" role=\"group\" aria-roledescription=\"slide\" aria-label=\"2 de 19\"><a data-elementor-open-lightbox=\"yes\" data-elementor-lightbox-slideshow=\"db4ad8e\" data-elementor-lightbox-title=\"IMG-20211028-WA0047\" data-e-action-hash=\"#elementor-action%3Aaction%3Dlightbox%26settings%3DeyJpZCI6IjgzOTUiLCJ1cmwiOiJodHRwczpcL1wvYmxvZ3NhdmVycm9lcy5qdW50YWRlYW5kYWx1Y2lhLmVzXC9jZWlwc2Fuc2ViYXN0aWFuZGVtaWphc1wvZmlsZXNcLzIwMjFcLzExXC9JTUctMjAyMTEwMjgtV0EwMDQ3LmpwZyIsInNsaWRlc2hvdyI6ImRiNGFkOGUifQ%3D%3D\" href=\"https:\/\/blogsaverroes.juntadeandalucia.es\/ceipsansebastiandemijas\/files\/2021\/11\/IMG-20211028-WA0047.jpg\" rel=\"prettyPhoto[8377]\"><figure class=\"swiper-slide-inner\"><img decoding=\"async\" class=\"swiper-slide-image\" src=\"https:\/\/blogsaverroes.juntadeandalucia.es\/ceipsansebastiandemijas\/files\/2021\/11\/IMG-20211028-WA0047-640x300.jpg\" alt=\"IMG-20211028-WA0047\" \/><\/figure><\/a><\/div><div class=\"swiper-slide\" role=\"group\" aria-roledescription=\"slide\" aria-label=\"3 de 19\"><a data-elementor-open-lightbox=\"yes\" data-elementor-lightbox-slideshow=\"db4ad8e\" data-elementor-lightbox-title=\"IMG-20211028-WA0046\" data-e-action-hash=\"#elementor-action%3Aaction%3Dlightbox%26settings%3DeyJpZCI6IjgzOTQiLCJ1cmwiOiJodHRwczpcL1wvYmxvZ3NhdmVycm9lcy5qdW50YWRlYW5kYWx1Y2lhLmVzXC9jZWlwc2Fuc2ViYXN0aWFuZGVtaWphc1wvZmlsZXNcLzIwMjFcLzExXC9JTUctMjAyMTEwMjgtV0EwMDQ2LmpwZyIsInNsaWRlc2hvdyI6ImRiNGFkOGUifQ%3D%3D\" href=\"https:\/\/blogsaverroes.juntadeandalucia.es\/ceipsansebastiandemijas\/files\/2021\/11\/IMG-20211028-WA0046.jpg\" rel=\"prettyPhoto[8377]\"><figure class=\"swiper-slide-inner\"><img decoding=\"async\" class=\"swiper-slide-image\" src=\"https:\/\/blogsaverroes.juntadeandalucia.es\/ceipsansebastiandemijas\/files\/2021\/11\/IMG-20211028-WA0046-640x300.jpg\" alt=\"IMG-20211028-WA0046\" \/><\/figure><\/a><\/div><div class=\"swiper-slide\" role=\"group\" aria-roledescription=\"slide\" aria-label=\"4 de 19\"><a data-elementor-open-lightbox=\"yes\" data-elementor-lightbox-slideshow=\"db4ad8e\" data-elementor-lightbox-title=\"IMG-20211028-WA0045\" data-e-action-hash=\"#elementor-action%3Aaction%3Dlightbox%26settings%3DeyJpZCI6IjgzOTMiLCJ1cmwiOiJodHRwczpcL1wvYmxvZ3NhdmVycm9lcy5qdW50YWRlYW5kYWx1Y2lhLmVzXC9jZWlwc2Fuc2ViYXN0aWFuZGVtaWphc1wvZmlsZXNcLzIwMjFcLzExXC9JTUctMjAyMTEwMjgtV0EwMDQ1LmpwZyIsInNsaWRlc2hvdyI6ImRiNGFkOGUifQ%3D%3D\" href=\"https:\/\/blogsaverroes.juntadeandalucia.es\/ceipsansebastiandemijas\/files\/2021\/11\/IMG-20211028-WA0045.jpg\" rel=\"prettyPhoto[8377]\"><figure class=\"swiper-slide-inner\"><img decoding=\"async\" class=\"swiper-slide-image\" src=\"https:\/\/blogsaverroes.juntadeandalucia.es\/ceipsansebastiandemijas\/files\/2021\/11\/IMG-20211028-WA0045-640x300.jpg\" alt=\"IMG-20211028-WA0045\" \/><\/figure><\/a><\/div><div class=\"swiper-slide\" role=\"group\" aria-roledescription=\"slide\" aria-label=\"5 de 19\"><a data-elementor-open-lightbox=\"yes\" data-elementor-lightbox-slideshow=\"db4ad8e\" data-elementor-lightbox-title=\"IMG-20211028-WA0044\" data-e-action-hash=\"#elementor-action%3Aaction%3Dlightbox%26settings%3DeyJpZCI6IjgzOTIiLCJ1cmwiOiJodHRwczpcL1wvYmxvZ3NhdmVycm9lcy5qdW50YWRlYW5kYWx1Y2lhLmVzXC9jZWlwc2Fuc2ViYXN0aWFuZGVtaWphc1wvZmlsZXNcLzIwMjFcLzExXC9JTUctMjAyMTEwMjgtV0EwMDQ0LmpwZyIsInNsaWRlc2hvdyI6ImRiNGFkOGUifQ%3D%3D\" href=\"https:\/\/blogsaverroes.juntadeandalucia.es\/ceipsansebastiandemijas\/files\/2021\/11\/IMG-20211028-WA0044.jpg\" rel=\"prettyPhoto[8377]\"><figure class=\"swiper-slide-inner\"><img decoding=\"async\" class=\"swiper-slide-image\" src=\"https:\/\/blogsaverroes.juntadeandalucia.es\/ceipsansebastiandemijas\/files\/2021\/11\/IMG-20211028-WA0044-640x300.jpg\" alt=\"IMG-20211028-WA0044\" \/><\/figure><\/a><\/div><div class=\"swiper-slide\" role=\"group\" aria-roledescription=\"slide\" aria-label=\"6 de 19\"><a data-elementor-open-lightbox=\"yes\" data-elementor-lightbox-slideshow=\"db4ad8e\" data-elementor-lightbox-title=\"IMG-20211028-WA0043\" data-e-action-hash=\"#elementor-action%3Aaction%3Dlightbox%26settings%3DeyJpZCI6IjgzOTEiLCJ1cmwiOiJodHRwczpcL1wvYmxvZ3NhdmVycm9lcy5qdW50YWRlYW5kYWx1Y2lhLmVzXC9jZWlwc2Fuc2ViYXN0aWFuZGVtaWphc1wvZmlsZXNcLzIwMjFcLzExXC9JTUctMjAyMTEwMjgtV0EwMDQzLmpwZyIsInNsaWRlc2hvdyI6ImRiNGFkOGUifQ%3D%3D\" href=\"https:\/\/blogsaverroes.juntadeandalucia.es\/ceipsansebastiandemijas\/files\/2021\/11\/IMG-20211028-WA0043.jpg\" rel=\"prettyPhoto[8377]\"><figure class=\"swiper-slide-inner\"><img decoding=\"async\" class=\"swiper-slide-image\" src=\"https:\/\/blogsaverroes.juntadeandalucia.es\/ceipsansebastiandemijas\/files\/2021\/11\/IMG-20211028-WA0043-640x300.jpg\" alt=\"IMG-20211028-WA0043\" \/><\/figure><\/a><\/div><div class=\"swiper-slide\" role=\"group\" aria-roledescription=\"slide\" aria-label=\"7 de 19\"><a data-elementor-open-lightbox=\"yes\" data-elementor-lightbox-slideshow=\"db4ad8e\" data-elementor-lightbox-title=\"IMG-20211028-WA0042\" data-e-action-hash=\"#elementor-action%3Aaction%3Dlightbox%26settings%3DeyJpZCI6IjgzOTAiLCJ1cmwiOiJodHRwczpcL1wvYmxvZ3NhdmVycm9lcy5qdW50YWRlYW5kYWx1Y2lhLmVzXC9jZWlwc2Fuc2ViYXN0aWFuZGVtaWphc1wvZmlsZXNcLzIwMjFcLzExXC9JTUctMjAyMTEwMjgtV0EwMDQyLmpwZyIsInNsaWRlc2hvdyI6ImRiNGFkOGUifQ%3D%3D\" href=\"https:\/\/blogsaverroes.juntadeandalucia.es\/ceipsansebastiandemijas\/files\/2021\/11\/IMG-20211028-WA0042.jpg\" rel=\"prettyPhoto[8377]\"><figure class=\"swiper-slide-inner\"><img decoding=\"async\" class=\"swiper-slide-image\" src=\"https:\/\/blogsaverroes.juntadeandalucia.es\/ceipsansebastiandemijas\/files\/2021\/11\/IMG-20211028-WA0042-640x300.jpg\" alt=\"IMG-20211028-WA0042\" \/><\/figure><\/a><\/div><div class=\"swiper-slide\" role=\"group\" aria-roledescription=\"slide\" aria-label=\"8 de 19\"><a data-elementor-open-lightbox=\"yes\" data-elementor-lightbox-slideshow=\"db4ad8e\" data-elementor-lightbox-title=\"IMG-20211028-WA0041\" data-e-action-hash=\"#elementor-action%3Aaction%3Dlightbox%26settings%3DeyJpZCI6IjgzODkiLCJ1cmwiOiJodHRwczpcL1wvYmxvZ3NhdmVycm9lcy5qdW50YWRlYW5kYWx1Y2lhLmVzXC9jZWlwc2Fuc2ViYXN0aWFuZGVtaWphc1wvZmlsZXNcLzIwMjFcLzExXC9JTUctMjAyMTEwMjgtV0EwMDQxLmpwZyIsInNsaWRlc2hvdyI6ImRiNGFkOGUifQ%3D%3D\" href=\"https:\/\/blogsaverroes.juntadeandalucia.es\/ceipsansebastiandemijas\/files\/2021\/11\/IMG-20211028-WA0041.jpg\" rel=\"prettyPhoto[8377]\"><figure class=\"swiper-slide-inner\"><img decoding=\"async\" class=\"swiper-slide-image\" src=\"https:\/\/blogsaverroes.juntadeandalucia.es\/ceipsansebastiandemijas\/files\/2021\/11\/IMG-20211028-WA0041-640x300.jpg\" alt=\"IMG-20211028-WA0041\" \/><\/figure><\/a><\/div><div class=\"swiper-slide\" role=\"group\" aria-roledescription=\"slide\" aria-label=\"9 de 19\"><a data-elementor-open-lightbox=\"yes\" data-elementor-lightbox-slideshow=\"db4ad8e\" data-elementor-lightbox-title=\"IMG-20211028-WA0040\" data-e-action-hash=\"#elementor-action%3Aaction%3Dlightbox%26settings%3DeyJpZCI6IjgzODgiLCJ1cmwiOiJodHRwczpcL1wvYmxvZ3NhdmVycm9lcy5qdW50YWRlYW5kYWx1Y2lhLmVzXC9jZWlwc2Fuc2ViYXN0aWFuZGVtaWphc1wvZmlsZXNcLzIwMjFcLzExXC9JTUctMjAyMTEwMjgtV0EwMDQwLmpwZyIsInNsaWRlc2hvdyI6ImRiNGFkOGUifQ%3D%3D\" href=\"https:\/\/blogsaverroes.juntadeandalucia.es\/ceipsansebastiandemijas\/files\/2021\/11\/IMG-20211028-WA0040.jpg\" rel=\"prettyPhoto[8377]\"><figure class=\"swiper-slide-inner\"><img decoding=\"async\" class=\"swiper-slide-image\" src=\"https:\/\/blogsaverroes.juntadeandalucia.es\/ceipsansebastiandemijas\/files\/2021\/11\/IMG-20211028-WA0040-640x300.jpg\" alt=\"IMG-20211028-WA0040\" \/><\/figure><\/a><\/div><div class=\"swiper-slide\" role=\"group\" aria-roledescription=\"slide\" aria-label=\"10 de 19\"><a data-elementor-open-lightbox=\"yes\" data-elementor-lightbox-slideshow=\"db4ad8e\" data-elementor-lightbox-title=\"IMG-20211028-WA0039\" data-e-action-hash=\"#elementor-action%3Aaction%3Dlightbox%26settings%3DeyJpZCI6IjgzODciLCJ1cmwiOiJodHRwczpcL1wvYmxvZ3NhdmVycm9lcy5qdW50YWRlYW5kYWx1Y2lhLmVzXC9jZWlwc2Fuc2ViYXN0aWFuZGVtaWphc1wvZmlsZXNcLzIwMjFcLzExXC9JTUctMjAyMTEwMjgtV0EwMDM5LmpwZyIsInNsaWRlc2hvdyI6ImRiNGFkOGUifQ%3D%3D\" href=\"https:\/\/blogsaverroes.juntadeandalucia.es\/ceipsansebastiandemijas\/files\/2021\/11\/IMG-20211028-WA0039.jpg\" rel=\"prettyPhoto[8377]\"><figure class=\"swiper-slide-inner\"><img decoding=\"async\" class=\"swiper-slide-image\" src=\"https:\/\/blogsaverroes.juntadeandalucia.es\/ceipsansebastiandemijas\/files\/2021\/11\/IMG-20211028-WA0039-640x300.jpg\" alt=\"IMG-20211028-WA0039\" \/><\/figure><\/a><\/div><div class=\"swiper-slide\" role=\"group\" aria-roledescription=\"slide\" aria-label=\"11 de 19\"><a data-elementor-open-lightbox=\"yes\" data-elementor-lightbox-slideshow=\"db4ad8e\" data-elementor-lightbox-title=\"IMG-20211028-WA0038\" data-e-action-hash=\"#elementor-action%3Aaction%3Dlightbox%26settings%3DeyJpZCI6IjgzODYiLCJ1cmwiOiJodHRwczpcL1wvYmxvZ3NhdmVycm9lcy5qdW50YWRlYW5kYWx1Y2lhLmVzXC9jZWlwc2Fuc2ViYXN0aWFuZGVtaWphc1wvZmlsZXNcLzIwMjFcLzExXC9JTUctMjAyMTEwMjgtV0EwMDM4LmpwZyIsInNsaWRlc2hvdyI6ImRiNGFkOGUifQ%3D%3D\" href=\"https:\/\/blogsaverroes.juntadeandalucia.es\/ceipsansebastiandemijas\/files\/2021\/11\/IMG-20211028-WA0038.jpg\" rel=\"prettyPhoto[8377]\"><figure class=\"swiper-slide-inner\"><img decoding=\"async\" class=\"swiper-slide-image\" src=\"https:\/\/blogsaverroes.juntadeandalucia.es\/ceipsansebastiandemijas\/files\/2021\/11\/IMG-20211028-WA0038-640x300.jpg\" alt=\"IMG-20211028-WA0038\" \/><\/figure><\/a><\/div><div class=\"swiper-slide\" role=\"group\" aria-roledescription=\"slide\" aria-label=\"12 de 19\"><a data-elementor-open-lightbox=\"yes\" data-elementor-lightbox-slideshow=\"db4ad8e\" data-elementor-lightbox-title=\"IMG-20211028-WA0037\" data-e-action-hash=\"#elementor-action%3Aaction%3Dlightbox%26settings%3DeyJpZCI6IjgzODUiLCJ1cmwiOiJodHRwczpcL1wvYmxvZ3NhdmVycm9lcy5qdW50YWRlYW5kYWx1Y2lhLmVzXC9jZWlwc2Fuc2ViYXN0aWFuZGVtaWphc1wvZmlsZXNcLzIwMjFcLzExXC9JTUctMjAyMTEwMjgtV0EwMDM3LmpwZyIsInNsaWRlc2hvdyI6ImRiNGFkOGUifQ%3D%3D\" href=\"https:\/\/blogsaverroes.juntadeandalucia.es\/ceipsansebastiandemijas\/files\/2021\/11\/IMG-20211028-WA0037.jpg\" rel=\"prettyPhoto[8377]\"><figure class=\"swiper-slide-inner\"><img decoding=\"async\" class=\"swiper-slide-image\" src=\"https:\/\/blogsaverroes.juntadeandalucia.es\/ceipsansebastiandemijas\/files\/2021\/11\/IMG-20211028-WA0037-640x300.jpg\" alt=\"IMG-20211028-WA0037\" \/><\/figure><\/a><\/div><div class=\"swiper-slide\" role=\"group\" aria-roledescription=\"slide\" aria-label=\"13 de 19\"><a data-elementor-open-lightbox=\"yes\" data-elementor-lightbox-slideshow=\"db4ad8e\" data-elementor-lightbox-title=\"IMG-20211028-WA0036\" data-e-action-hash=\"#elementor-action%3Aaction%3Dlightbox%26settings%3DeyJpZCI6IjgzODQiLCJ1cmwiOiJodHRwczpcL1wvYmxvZ3NhdmVycm9lcy5qdW50YWRlYW5kYWx1Y2lhLmVzXC9jZWlwc2Fuc2ViYXN0aWFuZGVtaWphc1wvZmlsZXNcLzIwMjFcLzExXC9JTUctMjAyMTEwMjgtV0EwMDM2LmpwZyIsInNsaWRlc2hvdyI6ImRiNGFkOGUifQ%3D%3D\" href=\"https:\/\/blogsaverroes.juntadeandalucia.es\/ceipsansebastiandemijas\/files\/2021\/11\/IMG-20211028-WA0036.jpg\" rel=\"prettyPhoto[8377]\"><figure class=\"swiper-slide-inner\"><img decoding=\"async\" class=\"swiper-slide-image\" src=\"https:\/\/blogsaverroes.juntadeandalucia.es\/ceipsansebastiandemijas\/files\/2021\/11\/IMG-20211028-WA0036-640x300.jpg\" alt=\"IMG-20211028-WA0036\" \/><\/figure><\/a><\/div><div class=\"swiper-slide\" role=\"group\" aria-roledescription=\"slide\" aria-label=\"14 de 19\"><a data-elementor-open-lightbox=\"yes\" data-elementor-lightbox-slideshow=\"db4ad8e\" data-elementor-lightbox-title=\"IMG-20211028-WA0035\" data-e-action-hash=\"#elementor-action%3Aaction%3Dlightbox%26settings%3DeyJpZCI6IjgzODMiLCJ1cmwiOiJodHRwczpcL1wvYmxvZ3NhdmVycm9lcy5qdW50YWRlYW5kYWx1Y2lhLmVzXC9jZWlwc2Fuc2ViYXN0aWFuZGVtaWphc1wvZmlsZXNcLzIwMjFcLzExXC9JTUctMjAyMTEwMjgtV0EwMDM1LmpwZyIsInNsaWRlc2hvdyI6ImRiNGFkOGUifQ%3D%3D\" href=\"https:\/\/blogsaverroes.juntadeandalucia.es\/ceipsansebastiandemijas\/files\/2021\/11\/IMG-20211028-WA0035.jpg\" rel=\"prettyPhoto[8377]\"><figure class=\"swiper-slide-inner\"><img decoding=\"async\" class=\"swiper-slide-image\" src=\"https:\/\/blogsaverroes.juntadeandalucia.es\/ceipsansebastiandemijas\/files\/2021\/11\/IMG-20211028-WA0035-640x300.jpg\" alt=\"IMG-20211028-WA0035\" \/><\/figure><\/a><\/div><div class=\"swiper-slide\" role=\"group\" aria-roledescription=\"slide\" aria-label=\"15 de 19\"><a data-elementor-open-lightbox=\"yes\" data-elementor-lightbox-slideshow=\"db4ad8e\" data-elementor-lightbox-title=\"IMG-20211028-WA0034\" data-e-action-hash=\"#elementor-action%3Aaction%3Dlightbox%26settings%3DeyJpZCI6IjgzODIiLCJ1cmwiOiJodHRwczpcL1wvYmxvZ3NhdmVycm9lcy5qdW50YWRlYW5kYWx1Y2lhLmVzXC9jZWlwc2Fuc2ViYXN0aWFuZGVtaWphc1wvZmlsZXNcLzIwMjFcLzExXC9JTUctMjAyMTEwMjgtV0EwMDM0LmpwZyIsInNsaWRlc2hvdyI6ImRiNGFkOGUifQ%3D%3D\" href=\"https:\/\/blogsaverroes.juntadeandalucia.es\/ceipsansebastiandemijas\/files\/2021\/11\/IMG-20211028-WA0034.jpg\" rel=\"prettyPhoto[8377]\"><figure class=\"swiper-slide-inner\"><img decoding=\"async\" class=\"swiper-slide-image\" src=\"https:\/\/blogsaverroes.juntadeandalucia.es\/ceipsansebastiandemijas\/files\/2021\/11\/IMG-20211028-WA0034-640x300.jpg\" alt=\"IMG-20211028-WA0034\" \/><\/figure><\/a><\/div><div class=\"swiper-slide\" role=\"group\" aria-roledescription=\"slide\" aria-label=\"16 de 19\"><a data-elementor-open-lightbox=\"yes\" data-elementor-lightbox-slideshow=\"db4ad8e\" data-elementor-lightbox-title=\"IMG-20211028-WA0033\" data-e-action-hash=\"#elementor-action%3Aaction%3Dlightbox%26settings%3DeyJpZCI6IjgzODEiLCJ1cmwiOiJodHRwczpcL1wvYmxvZ3NhdmVycm9lcy5qdW50YWRlYW5kYWx1Y2lhLmVzXC9jZWlwc2Fuc2ViYXN0aWFuZGVtaWphc1wvZmlsZXNcLzIwMjFcLzExXC9JTUctMjAyMTEwMjgtV0EwMDMzLmpwZyIsInNsaWRlc2hvdyI6ImRiNGFkOGUifQ%3D%3D\" href=\"https:\/\/blogsaverroes.juntadeandalucia.es\/ceipsansebastiandemijas\/files\/2021\/11\/IMG-20211028-WA0033.jpg\" rel=\"prettyPhoto[8377]\"><figure class=\"swiper-slide-inner\"><img decoding=\"async\" class=\"swiper-slide-image\" src=\"https:\/\/blogsaverroes.juntadeandalucia.es\/ceipsansebastiandemijas\/files\/2021\/11\/IMG-20211028-WA0033-640x300.jpg\" alt=\"IMG-20211028-WA0033\" \/><\/figure><\/a><\/div><div class=\"swiper-slide\" role=\"group\" aria-roledescription=\"slide\" aria-label=\"17 de 19\"><a data-elementor-open-lightbox=\"yes\" data-elementor-lightbox-slideshow=\"db4ad8e\" data-elementor-lightbox-title=\"IMG-20211028-WA0032\" data-e-action-hash=\"#elementor-action%3Aaction%3Dlightbox%26settings%3DeyJpZCI6IjgzODAiLCJ1cmwiOiJodHRwczpcL1wvYmxvZ3NhdmVycm9lcy5qdW50YWRlYW5kYWx1Y2lhLmVzXC9jZWlwc2Fuc2ViYXN0aWFuZGVtaWphc1wvZmlsZXNcLzIwMjFcLzExXC9JTUctMjAyMTEwMjgtV0EwMDMyLmpwZyIsInNsaWRlc2hvdyI6ImRiNGFkOGUifQ%3D%3D\" href=\"https:\/\/blogsaverroes.juntadeandalucia.es\/ceipsansebastiandemijas\/files\/2021\/11\/IMG-20211028-WA0032.jpg\" rel=\"prettyPhoto[8377]\"><figure class=\"swiper-slide-inner\"><img decoding=\"async\" class=\"swiper-slide-image\" src=\"https:\/\/blogsaverroes.juntadeandalucia.es\/ceipsansebastiandemijas\/files\/2021\/11\/IMG-20211028-WA0032-640x300.jpg\" alt=\"IMG-20211028-WA0032\" \/><\/figure><\/a><\/div><div class=\"swiper-slide\" role=\"group\" aria-roledescription=\"slide\" aria-label=\"18 de 19\"><a data-elementor-open-lightbox=\"yes\" data-elementor-lightbox-slideshow=\"db4ad8e\" data-elementor-lightbox-title=\"IMG-20211028-WA0031\" data-e-action-hash=\"#elementor-action%3Aaction%3Dlightbox%26settings%3DeyJpZCI6IjgzNzkiLCJ1cmwiOiJodHRwczpcL1wvYmxvZ3NhdmVycm9lcy5qdW50YWRlYW5kYWx1Y2lhLmVzXC9jZWlwc2Fuc2ViYXN0aWFuZGVtaWphc1wvZmlsZXNcLzIwMjFcLzExXC9JTUctMjAyMTEwMjgtV0EwMDMxLmpwZyIsInNsaWRlc2hvdyI6ImRiNGFkOGUifQ%3D%3D\" href=\"https:\/\/blogsaverroes.juntadeandalucia.es\/ceipsansebastiandemijas\/files\/2021\/11\/IMG-20211028-WA0031.jpg\" rel=\"prettyPhoto[8377]\"><figure class=\"swiper-slide-inner\"><img decoding=\"async\" class=\"swiper-slide-image\" src=\"https:\/\/blogsaverroes.juntadeandalucia.es\/ceipsansebastiandemijas\/files\/2021\/11\/IMG-20211028-WA0031-640x300.jpg\" alt=\"IMG-20211028-WA0031\" \/><\/figure><\/a><\/div><div class=\"swiper-slide\" role=\"group\" aria-roledescription=\"slide\" aria-label=\"19 de 19\"><a data-elementor-open-lightbox=\"yes\" data-elementor-lightbox-slideshow=\"db4ad8e\" data-elementor-lightbox-title=\"IMG-20211028-WA0030\" data-e-action-hash=\"#elementor-action%3Aaction%3Dlightbox%26settings%3DeyJpZCI6IjgzNzgiLCJ1cmwiOiJodHRwczpcL1wvYmxvZ3NhdmVycm9lcy5qdW50YWRlYW5kYWx1Y2lhLmVzXC9jZWlwc2Fuc2ViYXN0aWFuZGVtaWphc1wvZmlsZXNcLzIwMjFcLzExXC9JTUctMjAyMTEwMjgtV0EwMDMwLmpwZyIsInNsaWRlc2hvdyI6ImRiNGFkOGUifQ%3D%3D\" href=\"https:\/\/blogsaverroes.juntadeandalucia.es\/ceipsansebastiandemijas\/files\/2021\/11\/IMG-20211028-WA0030.jpg\" rel=\"prettyPhoto[8377]\"><figure class=\"swiper-slide-inner\"><img decoding=\"async\" class=\"swiper-slide-image\" src=\"https:\/\/blogsaverroes.juntadeandalucia.es\/ceipsansebastiandemijas\/files\/2021\/11\/IMG-20211028-WA0030-640x300.jpg\" alt=\"IMG-20211028-WA0030\" \/><\/figure><\/a><\/div>\t\t\t<\/div>\n\t\t\t\t\t\t\t\t\t\t\t\t<div class=\"elementor-swiper-button elementor-swiper-button-prev\" role=\"button\" tabindex=\"0\">\n\t\t\t\t\t\t<i aria-hidden=\"true\" class=\"eicon-chevron-left\"><\/i>\t\t\t\t\t<\/div>\n\t\t\t\t\t<div class=\"elementor-swiper-button elementor-swiper-button-next\" role=\"button\" tabindex=\"0\">\n\t\t\t\t\t\t<i aria-hidden=\"true\" class=\"eicon-chevron-right\"><\/i>\t\t\t\t\t<\/div>\n\t\t\t\t\n\t\t\t\t\t\t\t\t\t<div class=\"swiper-pagination\"><\/div>\n\t\t\t\t\t\t\t\t\t<\/div>\n\t\t\t\t\t\t<\/div>\n\t\t\t\t<\/div>\n\t\t\t\t\t<\/div>\n\t\t<\/div>\n\t\t\t\t\t<\/div>\n\t\t<\/section>\n\t\t\t\t<\/div>\n\t\t","protected":false},"excerpt":{"rendered":"<p>El volc\u00e1n de La Palma Las ni\u00f1as y ni\u00f1os de 5 a\u00f1os han realizado un proyecto sobre volcanes surgido del inter\u00e9s suscitado al ver en las noticias la explosi\u00f3n del volc\u00e1n de la Palma.\u00a0En este proyecto hemos aprendido c\u00f3mo se forma un volc\u00e1n, sus partes, de que se compone la lava, los volcanes m\u00e1s importantes [&hellip;]<\/p>\n","protected":false},"author":8532,"featured_media":8396,"comment_status":"open","ping_status":"open","sticky":false,"template":"elementor_header_footer","format":"standard","meta":{"ngg_post_thumbnail":0,"footnotes":""},"categories":[2031290,2031291,2031341,49688],"tags":[],"aioseo_notices":[],"_links":{"self":[{"href":"https:\/\/blogsaverroes.juntadeandalucia.es\/ceipsansebastiandemijas\/wp-json\/wp\/v2\/posts\/8377"}],"collection":[{"href":"https:\/\/blogsaverroes.juntadeandalucia.es\/ceipsansebastiandemijas\/wp-json\/wp\/v2\/posts"}],"about":[{"href":"https:\/\/blogsaverroes.juntadeandalucia.es\/ceipsansebastiandemijas\/wp-json\/wp\/v2\/types\/post"}],"author":[{"embeddable":true,"href":"https:\/\/blogsaverroes.juntadeandalucia.es\/ceipsansebastiandemijas\/wp-json\/wp\/v2\/users\/8532"}],"replies":[{"embeddable":true,"href":"https:\/\/blogsaverroes.juntadeandalucia.es\/ceipsansebastiandemijas\/wp-json\/wp\/v2\/comments?post=8377"}],"version-history":[{"count":8,"href":"https:\/\/blogsaverroes.juntadeandalucia.es\/ceipsansebastiandemijas\/wp-json\/wp\/v2\/posts\/8377\/revisions"}],"predecessor-version":[{"id":8421,"href":"https:\/\/blogsaverroes.juntadeandalucia.es\/ceipsansebastiandemijas\/wp-json\/wp\/v2\/posts\/8377\/revisions\/8421"}],"wp:featuredmedia":[{"embeddable":true,"href":"https:\/\/blogsaverroes.juntadeandalucia.es\/ceipsansebastiandemijas\/wp-json\/wp\/v2\/media\/8396"}],"wp:attachment":[{"href":"https:\/\/blogsaverroes.juntadeandalucia.es\/ceipsansebastiandemijas\/wp-json\/wp\/v2\/media?parent=8377"}],"wp:term":[{"taxonomy":"category","embeddable":true,"href":"https:\/\/blogsaverroes.juntadeandalucia.es\/ceipsansebastiandemijas\/wp-json\/wp\/v2\/categories?post=8377"},{"taxonomy":"post_tag","embeddable":true,"href":"https:\/\/blogsaverroes.juntadeandalucia.es\/ceipsansebastiandemijas\/wp-json\/wp\/v2\/tags?post=8377"}],"curies":[{"name":"wp","href":"https:\/\/api.w.org\/{rel}","templated":true}]}}