{"id":8484,"date":"2021-11-14T11:17:33","date_gmt":"2021-11-14T11:17:33","guid":{"rendered":"https:\/\/blogsaverroes.juntadeandalucia.es\/ceipsansebastiandemijas\/?p=8484"},"modified":"2022-02-15T15:38:42","modified_gmt":"2022-02-15T15:38:42","slug":"taller-del-azucar","status":"publish","type":"post","link":"https:\/\/blogsaverroes.juntadeandalucia.es\/ceipsansebastiandemijas\/taller-del-azucar\/","title":{"rendered":"Taller del azucar"},"content":{"rendered":"\t\t<div data-elementor-type=\"wp-post\" data-elementor-id=\"8484\" class=\"elementor elementor-8484\">\n\t\t\t\t\t\t<section class=\"elementor-section elementor-top-section elementor-element elementor-element-afd9945 elementor-section-boxed elementor-section-height-default elementor-section-height-default\" data-id=\"afd9945\" data-element_type=\"section\">\n\t\t\t\t\t\t<div class=\"elementor-container elementor-column-gap-default\">\n\t\t\t\t\t<div class=\"elementor-column elementor-col-100 elementor-top-column elementor-element elementor-element-205279e\" data-id=\"205279e\" data-element_type=\"column\">\n\t\t\t<div class=\"elementor-widget-wrap elementor-element-populated\">\n\t\t\t\t\t\t<div class=\"elementor-element elementor-element-658a9d2 elementor-widget elementor-widget-spacer\" data-id=\"658a9d2\" data-element_type=\"widget\" data-widget_type=\"spacer.default\">\n\t\t\t\t<div class=\"elementor-widget-container\">\n\t\t\t\t\t\t\t<div class=\"elementor-spacer\">\n\t\t\t<div class=\"elementor-spacer-inner\"><\/div>\n\t\t<\/div>\n\t\t\t\t\t\t<\/div>\n\t\t\t\t<\/div>\n\t\t\t\t<div class=\"elementor-element elementor-element-b4784a7 elementor-widget elementor-widget-heading\" data-id=\"b4784a7\" data-element_type=\"widget\" data-widget_type=\"heading.default\">\n\t\t\t\t<div class=\"elementor-widget-container\">\n\t\t\t\t\t<h2 class=\"elementor-heading-title elementor-size-default\">TALLER DEL AZ\u00daCAR<\/h2>\t\t\t\t<\/div>\n\t\t\t\t<\/div>\n\t\t\t\t<div class=\"elementor-element elementor-element-488e22f elementor-widget elementor-widget-spacer\" data-id=\"488e22f\" data-element_type=\"widget\" data-widget_type=\"spacer.default\">\n\t\t\t\t<div class=\"elementor-widget-container\">\n\t\t\t\t\t\t\t<div class=\"elementor-spacer\">\n\t\t\t<div class=\"elementor-spacer-inner\"><\/div>\n\t\t<\/div>\n\t\t\t\t\t\t<\/div>\n\t\t\t\t<\/div>\n\t\t\t\t<div class=\"elementor-element elementor-element-d083676 elementor-widget elementor-widget-text-editor\" data-id=\"d083676\" data-element_type=\"widget\" data-widget_type=\"text-editor.default\">\n\t\t\t\t<div class=\"elementor-widget-container\">\n\t\t\t\t\t\t\t\t\t<div dir=\"auto\">El pasado martes, el alumnado de tercero de primaria, realiz\u00f3&nbsp; el \u00abTaller del Az\u00facar\u00bb con la colaboraci\u00f3n de Crist\u00f3bal Hebilla (enfermero y horticultor) perteneciente al Grupo Mondarina.<\/div>\t\t\t\t\t\t\t\t<\/div>\n\t\t\t\t<\/div>\n\t\t\t\t\t<\/div>\n\t\t<\/div>\n\t\t\t\t\t<\/div>\n\t\t<\/section>\n\t\t\t\t<section class=\"elementor-section elementor-top-section elementor-element elementor-element-72a4710 elementor-section-boxed elementor-section-height-default elementor-section-height-default\" data-id=\"72a4710\" data-element_type=\"section\">\n\t\t\t\t\t\t<div class=\"elementor-container elementor-column-gap-default\">\n\t\t\t\t\t<div class=\"elementor-column elementor-col-33 elementor-top-column elementor-element elementor-element-fe6da86\" data-id=\"fe6da86\" data-element_type=\"column\">\n\t\t\t<div class=\"elementor-widget-wrap elementor-element-populated\">\n\t\t\t\t\t\t<div class=\"elementor-element elementor-element-22b48a2 elementor-widget elementor-widget-text-editor\" data-id=\"22b48a2\" data-element_type=\"widget\" data-widget_type=\"text-editor.default\">\n\t\t\t\t<div class=\"elementor-widget-container\">\n\t\t\t\t\t\t\t\t\t<div dir=\"auto\">En este taller los ni\u00f1os y ni\u00f1as de tercero pidieron comprobar la cantidad de az\u00facar que llevan los alimentos procesados que suelen tomar como desayuno o merienda y aprendieron qu\u00e9 alimentos pueden tomar como sustitutos de estos alimentos.<\/div>\t\t\t\t\t\t\t\t<\/div>\n\t\t\t\t<\/div>\n\t\t\t\t\t<\/div>\n\t\t<\/div>\n\t\t\t\t<div class=\"elementor-column elementor-col-66 elementor-top-column elementor-element elementor-element-9f50302\" data-id=\"9f50302\" data-element_type=\"column\">\n\t\t\t<div class=\"elementor-widget-wrap elementor-element-populated\">\n\t\t\t\t\t\t<div class=\"elementor-element elementor-element-3a68e96 elementor-widget elementor-widget-image-carousel\" data-id=\"3a68e96\" data-element_type=\"widget\" data-settings=\"{&quot;slides_to_show&quot;:&quot;1&quot;,&quot;navigation&quot;:&quot;none&quot;,&quot;pause_on_hover&quot;:&quot;no&quot;,&quot;autoplay_speed&quot;:&quot;3000&quot;,&quot;effect&quot;:&quot;fade&quot;,&quot;autoplay&quot;:&quot;yes&quot;,&quot;pause_on_interaction&quot;:&quot;yes&quot;,&quot;infinite&quot;:&quot;yes&quot;,&quot;speed&quot;:500}\" data-widget_type=\"image-carousel.default\">\n\t\t\t\t<div class=\"elementor-widget-container\">\n\t\t\t\t\t\t\t<div class=\"elementor-image-carousel-wrapper swiper\" role=\"region\" aria-roledescription=\"carousel\" aria-label=\"Carrusel de im\u00e1genes\" dir=\"ltr\">\n\t\t\t<div class=\"elementor-image-carousel swiper-wrapper swiper-image-stretch\" aria-live=\"off\">\n\t\t\t\t\t\t\t\t<div class=\"swiper-slide\" role=\"group\" aria-roledescription=\"slide\" aria-label=\"1 de 5\"><a data-elementor-open-lightbox=\"yes\" data-elementor-lightbox-slideshow=\"3a68e96\" data-elementor-lightbox-title=\"IMG-20211110-WA0023\" data-e-action-hash=\"#elementor-action%3Aaction%3Dlightbox%26settings%3DeyJpZCI6Ijg0NzYiLCJ1cmwiOiJodHRwczpcL1wvYmxvZ3NhdmVycm9lcy5qdW50YWRlYW5kYWx1Y2lhLmVzXC9jZWlwc2Fuc2ViYXN0aWFuZGVtaWphc1wvZmlsZXNcLzIwMjFcLzExXC9JTUctMjAyMTExMTAtV0EwMDIzLmpwZyIsInNsaWRlc2hvdyI6IjNhNjhlOTYifQ%3D%3D\" href=\"https:\/\/blogsaverroes.juntadeandalucia.es\/ceipsansebastiandemijas\/files\/2021\/11\/IMG-20211110-WA0023.jpg\" rel=\"prettyPhoto[8484]\"><figure class=\"swiper-slide-inner\"><img decoding=\"async\" class=\"swiper-slide-image\" src=\"https:\/\/blogsaverroes.juntadeandalucia.es\/ceipsansebastiandemijas\/files\/2021\/11\/IMG-20211110-WA0023-640x300.jpg\" alt=\"IMG-20211110-WA0023\" \/><\/figure><\/a><\/div><div class=\"swiper-slide\" role=\"group\" aria-roledescription=\"slide\" aria-label=\"2 de 5\"><a data-elementor-open-lightbox=\"yes\" data-elementor-lightbox-slideshow=\"3a68e96\" data-elementor-lightbox-title=\"IMG-20211110-WA0024\" data-e-action-hash=\"#elementor-action%3Aaction%3Dlightbox%26settings%3DeyJpZCI6Ijg0NzciLCJ1cmwiOiJodHRwczpcL1wvYmxvZ3NhdmVycm9lcy5qdW50YWRlYW5kYWx1Y2lhLmVzXC9jZWlwc2Fuc2ViYXN0aWFuZGVtaWphc1wvZmlsZXNcLzIwMjFcLzExXC9JTUctMjAyMTExMTAtV0EwMDI0LmpwZyIsInNsaWRlc2hvdyI6IjNhNjhlOTYifQ%3D%3D\" href=\"https:\/\/blogsaverroes.juntadeandalucia.es\/ceipsansebastiandemijas\/files\/2021\/11\/IMG-20211110-WA0024.jpg\" rel=\"prettyPhoto[8484]\"><figure class=\"swiper-slide-inner\"><img decoding=\"async\" class=\"swiper-slide-image\" src=\"https:\/\/blogsaverroes.juntadeandalucia.es\/ceipsansebastiandemijas\/files\/2021\/11\/IMG-20211110-WA0024-640x300.jpg\" alt=\"IMG-20211110-WA0024\" \/><\/figure><\/a><\/div><div class=\"swiper-slide\" role=\"group\" aria-roledescription=\"slide\" aria-label=\"3 de 5\"><a data-elementor-open-lightbox=\"yes\" data-elementor-lightbox-slideshow=\"3a68e96\" data-elementor-lightbox-title=\"IMG-20211110-WA0025\" data-e-action-hash=\"#elementor-action%3Aaction%3Dlightbox%26settings%3DeyJpZCI6Ijg0NzgiLCJ1cmwiOiJodHRwczpcL1wvYmxvZ3NhdmVycm9lcy5qdW50YWRlYW5kYWx1Y2lhLmVzXC9jZWlwc2Fuc2ViYXN0aWFuZGVtaWphc1wvZmlsZXNcLzIwMjFcLzExXC9JTUctMjAyMTExMTAtV0EwMDI1LmpwZyIsInNsaWRlc2hvdyI6IjNhNjhlOTYifQ%3D%3D\" href=\"https:\/\/blogsaverroes.juntadeandalucia.es\/ceipsansebastiandemijas\/files\/2021\/11\/IMG-20211110-WA0025.jpg\" rel=\"prettyPhoto[8484]\"><figure class=\"swiper-slide-inner\"><img decoding=\"async\" class=\"swiper-slide-image\" src=\"https:\/\/blogsaverroes.juntadeandalucia.es\/ceipsansebastiandemijas\/files\/2021\/11\/IMG-20211110-WA0025-640x300.jpg\" alt=\"IMG-20211110-WA0025\" \/><\/figure><\/a><\/div><div class=\"swiper-slide\" role=\"group\" aria-roledescription=\"slide\" aria-label=\"4 de 5\"><a data-elementor-open-lightbox=\"yes\" data-elementor-lightbox-slideshow=\"3a68e96\" data-elementor-lightbox-title=\"IMG-20211110-WA0022\" data-e-action-hash=\"#elementor-action%3Aaction%3Dlightbox%26settings%3DeyJpZCI6Ijg0NzUiLCJ1cmwiOiJodHRwczpcL1wvYmxvZ3NhdmVycm9lcy5qdW50YWRlYW5kYWx1Y2lhLmVzXC9jZWlwc2Fuc2ViYXN0aWFuZGVtaWphc1wvZmlsZXNcLzIwMjFcLzExXC9JTUctMjAyMTExMTAtV0EwMDIyLmpwZyIsInNsaWRlc2hvdyI6IjNhNjhlOTYifQ%3D%3D\" href=\"https:\/\/blogsaverroes.juntadeandalucia.es\/ceipsansebastiandemijas\/files\/2021\/11\/IMG-20211110-WA0022.jpg\" rel=\"prettyPhoto[8484]\"><figure class=\"swiper-slide-inner\"><img decoding=\"async\" class=\"swiper-slide-image\" src=\"https:\/\/blogsaverroes.juntadeandalucia.es\/ceipsansebastiandemijas\/files\/2021\/11\/IMG-20211110-WA0022-640x300.jpg\" alt=\"IMG-20211110-WA0022\" \/><\/figure><\/a><\/div><div class=\"swiper-slide\" role=\"group\" aria-roledescription=\"slide\" aria-label=\"5 de 5\"><a data-elementor-open-lightbox=\"yes\" data-elementor-lightbox-slideshow=\"3a68e96\" data-elementor-lightbox-title=\"IMG-20211110-WA0026\" data-e-action-hash=\"#elementor-action%3Aaction%3Dlightbox%26settings%3DeyJpZCI6Ijg0NzkiLCJ1cmwiOiJodHRwczpcL1wvYmxvZ3NhdmVycm9lcy5qdW50YWRlYW5kYWx1Y2lhLmVzXC9jZWlwc2Fuc2ViYXN0aWFuZGVtaWphc1wvZmlsZXNcLzIwMjFcLzExXC9JTUctMjAyMTExMTAtV0EwMDI2LmpwZyIsInNsaWRlc2hvdyI6IjNhNjhlOTYifQ%3D%3D\" href=\"https:\/\/blogsaverroes.juntadeandalucia.es\/ceipsansebastiandemijas\/files\/2021\/11\/IMG-20211110-WA0026.jpg\" rel=\"prettyPhoto[8484]\"><figure class=\"swiper-slide-inner\"><img decoding=\"async\" class=\"swiper-slide-image\" src=\"https:\/\/blogsaverroes.juntadeandalucia.es\/ceipsansebastiandemijas\/files\/2021\/11\/IMG-20211110-WA0026-640x300.jpg\" alt=\"IMG-20211110-WA0026\" \/><\/figure><\/a><\/div>\t\t\t<\/div>\n\t\t\t\t\t\t\t\n\t\t\t\t\t\t\t\t\t<\/div>\n\t\t\t\t\t\t<\/div>\n\t\t\t\t<\/div>\n\t\t\t\t\t<\/div>\n\t\t<\/div>\n\t\t\t\t\t<\/div>\n\t\t<\/section>\n\t\t\t\t<\/div>\n\t\t","protected":false},"excerpt":{"rendered":"<p>TALLER DEL AZ\u00daCAR El pasado martes, el alumnado de tercero de primaria, realiz\u00f3&nbsp; el \u00abTaller del Az\u00facar\u00bb con la colaboraci\u00f3n de Crist\u00f3bal Hebilla (enfermero y horticultor) perteneciente al Grupo Mondarina.En este taller los ni\u00f1os y ni\u00f1as de tercero pidieron comprobar la cantidad de az\u00facar que llevan los alimentos procesados que suelen tomar como desayuno o [&hellip;]<\/p>\n","protected":false},"author":8532,"featured_media":8475,"comment_status":"open","ping_status":"open","sticky":false,"template":"elementor_header_footer","format":"standard","meta":{"ngg_post_thumbnail":0,"footnotes":""},"categories":[2031297,2031298,2031341,602841,49688],"tags":[],"aioseo_notices":[],"_links":{"self":[{"href":"https:\/\/blogsaverroes.juntadeandalucia.es\/ceipsansebastiandemijas\/wp-json\/wp\/v2\/posts\/8484"}],"collection":[{"href":"https:\/\/blogsaverroes.juntadeandalucia.es\/ceipsansebastiandemijas\/wp-json\/wp\/v2\/posts"}],"about":[{"href":"https:\/\/blogsaverroes.juntadeandalucia.es\/ceipsansebastiandemijas\/wp-json\/wp\/v2\/types\/post"}],"author":[{"embeddable":true,"href":"https:\/\/blogsaverroes.juntadeandalucia.es\/ceipsansebastiandemijas\/wp-json\/wp\/v2\/users\/8532"}],"replies":[{"embeddable":true,"href":"https:\/\/blogsaverroes.juntadeandalucia.es\/ceipsansebastiandemijas\/wp-json\/wp\/v2\/comments?post=8484"}],"version-history":[{"count":6,"href":"https:\/\/blogsaverroes.juntadeandalucia.es\/ceipsansebastiandemijas\/wp-json\/wp\/v2\/posts\/8484\/revisions"}],"predecessor-version":[{"id":8495,"href":"https:\/\/blogsaverroes.juntadeandalucia.es\/ceipsansebastiandemijas\/wp-json\/wp\/v2\/posts\/8484\/revisions\/8495"}],"wp:featuredmedia":[{"embeddable":true,"href":"https:\/\/blogsaverroes.juntadeandalucia.es\/ceipsansebastiandemijas\/wp-json\/wp\/v2\/media\/8475"}],"wp:attachment":[{"href":"https:\/\/blogsaverroes.juntadeandalucia.es\/ceipsansebastiandemijas\/wp-json\/wp\/v2\/media?parent=8484"}],"wp:term":[{"taxonomy":"category","embeddable":true,"href":"https:\/\/blogsaverroes.juntadeandalucia.es\/ceipsansebastiandemijas\/wp-json\/wp\/v2\/categories?post=8484"},{"taxonomy":"post_tag","embeddable":true,"href":"https:\/\/blogsaverroes.juntadeandalucia.es\/ceipsansebastiandemijas\/wp-json\/wp\/v2\/tags?post=8484"}],"curies":[{"name":"wp","href":"https:\/\/api.w.org\/{rel}","templated":true}]}}