{"id":2799,"date":"2022-03-15T17:52:25","date_gmt":"2022-03-15T16:52:25","guid":{"rendered":"https:\/\/blogsaverroes.juntadeandalucia.es\/ceipsansebastianlapuebladelrio\/?p=2799"},"modified":"2022-03-15T17:53:58","modified_gmt":"2022-03-15T16:53:58","slug":"programa-de-lacteos","status":"publish","type":"post","link":"https:\/\/blogsaverroes.juntadeandalucia.es\/ceipsansebastianlapuebladelrio\/2022\/03\/15\/programa-de-lacteos\/","title":{"rendered":"En el San Sebasti\u00e1n los viernes son la \u00abLECHE\u00bb"},"content":{"rendered":"<p><span style=\"font-weight: 400\">Estimadas familias:<\/span><\/p>\n<p><span style=\"font-weight: 400\">Como Centro adherido al <\/span><b>\u201cPlan de H\u00e1bitos de Vida Saludable\u201d <\/b><span style=\"font-weight: 400\">(en su modalidad de <\/span><b>Creciendo en Salud<\/b><span style=\"font-weight: 400\">) de la Junta de Andaluc\u00eda, se repartir\u00e1 de forma voluntaria <\/span><b>un vaso de leche para todo el alumnado<\/b><span style=\"font-weight: 400\"> ( contamos con <\/span><b>leche sin lactosa<\/b><span style=\"font-weight: 400\"> para todos aquellos alumnos que lo necesiten).<\/span><\/p>\n<p>&nbsp;<\/p>\n<p><b>\u201cEl Programa de l\u00e1cteos\u201d<\/b><span style=\"font-weight: 400\"> se encuadra dentro del que ya realizamos de frutas y hortalizas, con el objetivo de generalizar el h\u00e1bito y consumo de los mismos. M\u00c1S INFORMACI\u00d3N: (https:\/\/www.juntadeandalucia.es\/educacion\/portals\/web\/habitos-vida-saludable\/plan-escolar-de-consumo-de-leche-y-otros-productos-lacteos).<\/span><\/p>\n<p>&nbsp;<\/p>\n<p><span style=\"font-weight: 400\">&nbsp;Como centro adherido al <\/span><b>\u201cPrograma Aldea\u201d<\/b><span style=\"font-weight: 400\"> y conscientes de la importancia de la regla de <\/span><b>\u201cLas tres erres\u201d <\/b><span style=\"font-weight: 400\">(3R) <\/span><b>para cuidar el medio ambiente<\/b><span style=\"font-weight: 400\">, espec\u00edficamente para reducir el volumen de residuos o basura generada, reduciendo as\u00ed nuestra huella de carbono y siendo muy f\u00e1cil de seguir, ya que s\u00f3lo tiene tres pasos: reducir, reutilizar y reciclar. Pretendemos en este caso (y con el objetivo de <\/span><b>reducir y reutilizar<\/b><span style=\"font-weight: 400\">) solicitar a nuestra comunidad que cada ni\u00f1@ del centro traiga en las fechas se\u00f1aladas <\/span><b>un vaso de pl\u00e1stico reutilizable<\/b><span style=\"font-weight: 400\">, donde le serviremos la leche (es preferible que la tomen sola, pero si no fuera posible, <\/span><b>qui\u00e9n lo necesite deber\u00e1 traer al cole cacao<\/b><span style=\"font-weight: 400\"> o el complemento que precise y <\/span><b>una cucharita<\/b><span style=\"font-weight: 400\">).<\/span><\/p>\n<p><b>Las fechas de reparto ser\u00e1n:<\/b><\/p>\n<ul>\n<li style=\"font-weight: 400\"><span style=\"font-weight: 400\">viernes 18 de marzo<\/span><\/li>\n<li style=\"font-weight: 400\"><span style=\"font-weight: 400\">viernes 25 de marzo&nbsp;<\/span><\/li>\n<li style=\"font-weight: 400\"><span style=\"font-weight: 400\">viernes 1 de abril&nbsp;<\/span><\/li>\n<\/ul>\n<p><span style=\"font-weight: 400\">La semana del 28 de marzo tenemos prevista realizar la segunda entrega de frutas&nbsp; ( debido a la situaci\u00f3n actual con el transporte os informaremos el 25 de marzo).<\/span><\/p>\n<p><img fetchpriority=\"high\" decoding=\"async\" class=\"alignnone wp-image-2800 size-full\" src=\"https:\/\/blogsaverroes.juntadeandalucia.es\/ceipsansebastianlapuebladelrio\/files\/2022\/03\/Cartel_programa_Ecolar_lacteos-724x1024-1.jpeg\" alt=\"\" width=\"724\" height=\"1024\" srcset=\"https:\/\/blogsaverroes.juntadeandalucia.es\/ceipsansebastianlapuebladelrio\/files\/2022\/03\/Cartel_programa_Ecolar_lacteos-724x1024-1.jpeg 724w, https:\/\/blogsaverroes.juntadeandalucia.es\/ceipsansebastianlapuebladelrio\/files\/2022\/03\/Cartel_programa_Ecolar_lacteos-724x1024-1-212x300.jpeg 212w\" sizes=\"(max-width: 724px) 100vw, 724px\" \/><\/p>\n","protected":false},"excerpt":{"rendered":"<p>Estimadas familias: Como Centro adherido al \u201cPlan de H\u00e1bitos de Vida Saludable\u201d (en su modalidad de Creciendo en Salud) de la Junta de Andaluc\u00eda, se repartir\u00e1 de forma voluntaria un vaso de leche para todo el alumnado ( contamos con leche sin lactosa para todos aquellos alumnos que lo necesiten). &nbsp; \u201cEl Programa de l\u00e1cteos\u201d &hellip; <\/p>\n<p class=\"link-more\"><a href=\"https:\/\/blogsaverroes.juntadeandalucia.es\/ceipsansebastianlapuebladelrio\/2022\/03\/15\/programa-de-lacteos\/\" class=\"more-link\">Continuar leyendo<span class=\"screen-reader-text\"> \u00abEn el San Sebasti\u00e1n los viernes son la \u00abLECHE\u00bb\u00bb<\/span><\/a><\/p>\n","protected":false},"author":7739,"featured_media":2801,"comment_status":"open","ping_status":"open","sticky":false,"template":"","format":"standard","meta":{"footnotes":""},"categories":[2022821,49688,1974780],"tags":[],"aioseo_notices":[],"_links":{"self":[{"href":"https:\/\/blogsaverroes.juntadeandalucia.es\/ceipsansebastianlapuebladelrio\/wp-json\/wp\/v2\/posts\/2799"}],"collection":[{"href":"https:\/\/blogsaverroes.juntadeandalucia.es\/ceipsansebastianlapuebladelrio\/wp-json\/wp\/v2\/posts"}],"about":[{"href":"https:\/\/blogsaverroes.juntadeandalucia.es\/ceipsansebastianlapuebladelrio\/wp-json\/wp\/v2\/types\/post"}],"author":[{"embeddable":true,"href":"https:\/\/blogsaverroes.juntadeandalucia.es\/ceipsansebastianlapuebladelrio\/wp-json\/wp\/v2\/users\/7739"}],"replies":[{"embeddable":true,"href":"https:\/\/blogsaverroes.juntadeandalucia.es\/ceipsansebastianlapuebladelrio\/wp-json\/wp\/v2\/comments?post=2799"}],"version-history":[{"count":2,"href":"https:\/\/blogsaverroes.juntadeandalucia.es\/ceipsansebastianlapuebladelrio\/wp-json\/wp\/v2\/posts\/2799\/revisions"}],"predecessor-version":[{"id":2803,"href":"https:\/\/blogsaverroes.juntadeandalucia.es\/ceipsansebastianlapuebladelrio\/wp-json\/wp\/v2\/posts\/2799\/revisions\/2803"}],"wp:featuredmedia":[{"embeddable":true,"href":"https:\/\/blogsaverroes.juntadeandalucia.es\/ceipsansebastianlapuebladelrio\/wp-json\/wp\/v2\/media\/2801"}],"wp:attachment":[{"href":"https:\/\/blogsaverroes.juntadeandalucia.es\/ceipsansebastianlapuebladelrio\/wp-json\/wp\/v2\/media?parent=2799"}],"wp:term":[{"taxonomy":"category","embeddable":true,"href":"https:\/\/blogsaverroes.juntadeandalucia.es\/ceipsansebastianlapuebladelrio\/wp-json\/wp\/v2\/categories?post=2799"},{"taxonomy":"post_tag","embeddable":true,"href":"https:\/\/blogsaverroes.juntadeandalucia.es\/ceipsansebastianlapuebladelrio\/wp-json\/wp\/v2\/tags?post=2799"}],"curies":[{"name":"wp","href":"https:\/\/api.w.org\/{rel}","templated":true}]}}