{"id":3316,"date":"2023-02-21T16:15:36","date_gmt":"2023-02-21T15:15:36","guid":{"rendered":"https:\/\/blogsaverroes.juntadeandalucia.es\/ceipsansebastianlapuebladelrio\/?p=3316"},"modified":"2023-02-21T16:16:39","modified_gmt":"2023-02-21T15:16:39","slug":"la-constitucion","status":"publish","type":"post","link":"https:\/\/blogsaverroes.juntadeandalucia.es\/ceipsansebastianlapuebladelrio\/2023\/02\/21\/la-constitucion\/","title":{"rendered":"La Constituci\u00f3n"},"content":{"rendered":"<p>Nuestro alumnado de sexto prepar\u00f3 esta breve interpretaci\u00f3n para narrar c\u00f3mo se fragu\u00f3 el nacimiento de nuestra Constituci\u00f3n.&nbsp;<\/p>\n<p>Lamentablemente, tuvo que suspenderse por lluvia, as\u00ed que os dejamos este v\u00eddeo, para que pod\u00e1is disfrutar y aprender.<\/p>\n<p><iframe src=\"https:\/\/www.youtube.com\/embed\/UiIiEE4ym2E\" width=\"560\" height=\"315\" frameborder=\"0\"><\/iframe><\/p>\n","protected":false},"excerpt":{"rendered":"<p>Nuestro alumnado de sexto prepar\u00f3 esta breve interpretaci\u00f3n para narrar c\u00f3mo se fragu\u00f3 el nacimiento de nuestra Constituci\u00f3n.&nbsp; Lamentablemente, tuvo que suspenderse por lluvia, as\u00ed que os dejamos este v\u00eddeo, para que pod\u00e1is disfrutar y aprender.<\/p>\n","protected":false},"author":7739,"featured_media":3319,"comment_status":"open","ping_status":"open","sticky":false,"template":"","format":"standard","meta":{"footnotes":""},"categories":[2022848,1975140,49688,1974780,10954,10955,246],"tags":[],"aioseo_notices":[],"_links":{"self":[{"href":"https:\/\/blogsaverroes.juntadeandalucia.es\/ceipsansebastianlapuebladelrio\/wp-json\/wp\/v2\/posts\/3316"}],"collection":[{"href":"https:\/\/blogsaverroes.juntadeandalucia.es\/ceipsansebastianlapuebladelrio\/wp-json\/wp\/v2\/posts"}],"about":[{"href":"https:\/\/blogsaverroes.juntadeandalucia.es\/ceipsansebastianlapuebladelrio\/wp-json\/wp\/v2\/types\/post"}],"author":[{"embeddable":true,"href":"https:\/\/blogsaverroes.juntadeandalucia.es\/ceipsansebastianlapuebladelrio\/wp-json\/wp\/v2\/users\/7739"}],"replies":[{"embeddable":true,"href":"https:\/\/blogsaverroes.juntadeandalucia.es\/ceipsansebastianlapuebladelrio\/wp-json\/wp\/v2\/comments?post=3316"}],"version-history":[{"count":1,"href":"https:\/\/blogsaverroes.juntadeandalucia.es\/ceipsansebastianlapuebladelrio\/wp-json\/wp\/v2\/posts\/3316\/revisions"}],"predecessor-version":[{"id":3320,"href":"https:\/\/blogsaverroes.juntadeandalucia.es\/ceipsansebastianlapuebladelrio\/wp-json\/wp\/v2\/posts\/3316\/revisions\/3320"}],"wp:featuredmedia":[{"embeddable":true,"href":"https:\/\/blogsaverroes.juntadeandalucia.es\/ceipsansebastianlapuebladelrio\/wp-json\/wp\/v2\/media\/3319"}],"wp:attachment":[{"href":"https:\/\/blogsaverroes.juntadeandalucia.es\/ceipsansebastianlapuebladelrio\/wp-json\/wp\/v2\/media?parent=3316"}],"wp:term":[{"taxonomy":"category","embeddable":true,"href":"https:\/\/blogsaverroes.juntadeandalucia.es\/ceipsansebastianlapuebladelrio\/wp-json\/wp\/v2\/categories?post=3316"},{"taxonomy":"post_tag","embeddable":true,"href":"https:\/\/blogsaverroes.juntadeandalucia.es\/ceipsansebastianlapuebladelrio\/wp-json\/wp\/v2\/tags?post=3316"}],"curies":[{"name":"wp","href":"https:\/\/api.w.org\/{rel}","templated":true}]}}