{"id":426,"date":"2015-02-18T13:34:00","date_gmt":"2015-02-18T12:34:00","guid":{"rendered":"https:\/\/blogsaverroes.juntadeandalucia.es\/ceipsansebastianlapuebladelrio\/?p=426"},"modified":"2019-10-20T13:37:12","modified_gmt":"2019-10-20T11:37:12","slug":"426","status":"publish","type":"post","link":"https:\/\/blogsaverroes.juntadeandalucia.es\/ceipsansebastianlapuebladelrio\/2015\/02\/18\/426\/","title":{"rendered":"Carnaval 2015"},"content":{"rendered":"<p>En este v\u00eddeo podr\u00e9is ver el desfile de todas las clases del colegio con el photocall de fondo, magn\u00edfico trabajo de las madres del AMPA, tambi\u00e9n a la maestra de Nati por el cartel tan precioso, al Aula Matinal que tambi\u00e9n particip\u00f3 en su decoraci\u00f3n, a todas y todos, gracias por vuestro gran trabajo, y por supuesto, gracias tambi\u00e9n al maestro Fran por llevar a cabo la planificaci\u00f3n y organizaci\u00f3n del espacio para que todo se llevase a cabo a la perfecci\u00f3n.&nbsp;<\/p>\n<p>Fue un d\u00eda inolvidable.<\/p>\n<p><iframe width=\"560\" height=\"315\" src=\"https:\/\/www.youtube.com\/embed\/dlVYNXYQKfY\" frameborder=\"0\"><\/iframe><\/p>\n","protected":false},"excerpt":{"rendered":"<p>En este v\u00eddeo podr\u00e9is ver el desfile de todas las clases del colegio con el photocall de fondo, magn\u00edfico trabajo de las madres del AMPA, tambi\u00e9n a la maestra de Nati por el cartel tan precioso, al Aula Matinal que tambi\u00e9n particip\u00f3 en su decoraci\u00f3n, a todas y todos, gracias por vuestro gran trabajo, y &hellip; <\/p>\n<p class=\"link-more\"><a href=\"https:\/\/blogsaverroes.juntadeandalucia.es\/ceipsansebastianlapuebladelrio\/2015\/02\/18\/426\/\" class=\"more-link\">Continuar leyendo<span class=\"screen-reader-text\"> \u00abCarnaval 2015\u00bb<\/span><\/a><\/p>\n","protected":false},"author":7739,"featured_media":0,"comment_status":"open","ping_status":"open","sticky":false,"template":"","format":"video","meta":{"footnotes":""},"categories":[1976106,49688,1974780],"tags":[],"aioseo_notices":[],"_links":{"self":[{"href":"https:\/\/blogsaverroes.juntadeandalucia.es\/ceipsansebastianlapuebladelrio\/wp-json\/wp\/v2\/posts\/426"}],"collection":[{"href":"https:\/\/blogsaverroes.juntadeandalucia.es\/ceipsansebastianlapuebladelrio\/wp-json\/wp\/v2\/posts"}],"about":[{"href":"https:\/\/blogsaverroes.juntadeandalucia.es\/ceipsansebastianlapuebladelrio\/wp-json\/wp\/v2\/types\/post"}],"author":[{"embeddable":true,"href":"https:\/\/blogsaverroes.juntadeandalucia.es\/ceipsansebastianlapuebladelrio\/wp-json\/wp\/v2\/users\/7739"}],"replies":[{"embeddable":true,"href":"https:\/\/blogsaverroes.juntadeandalucia.es\/ceipsansebastianlapuebladelrio\/wp-json\/wp\/v2\/comments?post=426"}],"version-history":[{"count":2,"href":"https:\/\/blogsaverroes.juntadeandalucia.es\/ceipsansebastianlapuebladelrio\/wp-json\/wp\/v2\/posts\/426\/revisions"}],"predecessor-version":[{"id":428,"href":"https:\/\/blogsaverroes.juntadeandalucia.es\/ceipsansebastianlapuebladelrio\/wp-json\/wp\/v2\/posts\/426\/revisions\/428"}],"wp:attachment":[{"href":"https:\/\/blogsaverroes.juntadeandalucia.es\/ceipsansebastianlapuebladelrio\/wp-json\/wp\/v2\/media?parent=426"}],"wp:term":[{"taxonomy":"category","embeddable":true,"href":"https:\/\/blogsaverroes.juntadeandalucia.es\/ceipsansebastianlapuebladelrio\/wp-json\/wp\/v2\/categories?post=426"},{"taxonomy":"post_tag","embeddable":true,"href":"https:\/\/blogsaverroes.juntadeandalucia.es\/ceipsansebastianlapuebladelrio\/wp-json\/wp\/v2\/tags?post=426"}],"curies":[{"name":"wp","href":"https:\/\/api.w.org\/{rel}","templated":true}]}}