{"id":451,"date":"2015-05-19T14:17:45","date_gmt":"2015-05-19T12:17:45","guid":{"rendered":"https:\/\/blogsaverroes.juntadeandalucia.es\/ceipsansebastianlapuebladelrio\/?p=451"},"modified":"2019-10-20T14:20:56","modified_gmt":"2019-10-20T12:20:56","slug":"451","status":"publish","type":"post","link":"https:\/\/blogsaverroes.juntadeandalucia.es\/ceipsansebastianlapuebladelrio\/2015\/05\/19\/451\/","title":{"rendered":"Mi familia no es normal"},"content":{"rendered":"<p>La semana pasada celebramos el D\u00eda Internacional de las familias. Un original Photocall presid\u00eda nuestro Hall y las familias fueron desfilando por \u00e9l de una forma un tanto original. A ver qu\u00e9 os parece.<\/p>\n<p><a href=\"http:\/\/porlacoeducacion.blogspot.com.es\/2015\/05\/mi-familia-no-es-normal-15-de-mayo-dia.html\">https:\/\/porlacoeducacion.blogspot.com.es\/2015\/05\/mi-familia-no-es-normal-15-de-mayo-dia.html<\/a><\/p>\n<p><iframe width=\"560\" height=\"315\" src=\"https:\/\/www.youtube.com\/embed\/Z04YjajpoaY\" frameborder=\"0\"><\/iframe><\/p>\n","protected":false},"excerpt":{"rendered":"<p>La semana pasada celebramos el D\u00eda Internacional de las familias. Un original Photocall presid\u00eda nuestro Hall y las familias fueron desfilando por \u00e9l de una forma un tanto original. A ver qu\u00e9 os parece. https:\/\/porlacoeducacion.blogspot.com.es\/2015\/05\/mi-familia-no-es-normal-15-de-mayo-dia.html<\/p>\n","protected":false},"author":7739,"featured_media":0,"comment_status":"open","ping_status":"open","sticky":false,"template":"","format":"standard","meta":{"footnotes":""},"categories":[1976106,1973917,3253,49688,1974780],"tags":[],"aioseo_notices":[],"_links":{"self":[{"href":"https:\/\/blogsaverroes.juntadeandalucia.es\/ceipsansebastianlapuebladelrio\/wp-json\/wp\/v2\/posts\/451"}],"collection":[{"href":"https:\/\/blogsaverroes.juntadeandalucia.es\/ceipsansebastianlapuebladelrio\/wp-json\/wp\/v2\/posts"}],"about":[{"href":"https:\/\/blogsaverroes.juntadeandalucia.es\/ceipsansebastianlapuebladelrio\/wp-json\/wp\/v2\/types\/post"}],"author":[{"embeddable":true,"href":"https:\/\/blogsaverroes.juntadeandalucia.es\/ceipsansebastianlapuebladelrio\/wp-json\/wp\/v2\/users\/7739"}],"replies":[{"embeddable":true,"href":"https:\/\/blogsaverroes.juntadeandalucia.es\/ceipsansebastianlapuebladelrio\/wp-json\/wp\/v2\/comments?post=451"}],"version-history":[{"count":2,"href":"https:\/\/blogsaverroes.juntadeandalucia.es\/ceipsansebastianlapuebladelrio\/wp-json\/wp\/v2\/posts\/451\/revisions"}],"predecessor-version":[{"id":453,"href":"https:\/\/blogsaverroes.juntadeandalucia.es\/ceipsansebastianlapuebladelrio\/wp-json\/wp\/v2\/posts\/451\/revisions\/453"}],"wp:attachment":[{"href":"https:\/\/blogsaverroes.juntadeandalucia.es\/ceipsansebastianlapuebladelrio\/wp-json\/wp\/v2\/media?parent=451"}],"wp:term":[{"taxonomy":"category","embeddable":true,"href":"https:\/\/blogsaverroes.juntadeandalucia.es\/ceipsansebastianlapuebladelrio\/wp-json\/wp\/v2\/categories?post=451"},{"taxonomy":"post_tag","embeddable":true,"href":"https:\/\/blogsaverroes.juntadeandalucia.es\/ceipsansebastianlapuebladelrio\/wp-json\/wp\/v2\/tags?post=451"}],"curies":[{"name":"wp","href":"https:\/\/api.w.org\/{rel}","templated":true}]}}