{"id":1213,"date":"2023-03-07T09:42:50","date_gmt":"2023-03-07T08:42:50","guid":{"rendered":"https:\/\/blogsaverroes.juntadeandalucia.es\/ceipsantateresadejesus\/?p=1213"},"modified":"2023-03-07T09:46:44","modified_gmt":"2023-03-07T08:46:44","slug":"28f-dia-de-andalucia","status":"publish","type":"post","link":"https:\/\/blogsaverroes.juntadeandalucia.es\/ceipsantateresadejesus\/28f-dia-de-andalucia\/","title":{"rendered":"28F d\u00eda de Andaluc\u00eda"},"content":{"rendered":"<p>El pasado 24 de febrero celebramos el d\u00eda de Andaluc\u00eda en nuestro centro. Para este d\u00eda el AMPA ofreci\u00f3 un desayuno t\u00edpico de pan, aceite y jam\u00f3n. Tambi\u00e9n se realizaron distintas actividades relacionadas con la bandera, el himno y aspectos m\u00e1s significativos de nuestra comunidad, un pasapalabra andaluz y &nbsp;&nbsp;&nbsp;&nbsp;caracterizaci\u00f3n andaluza. Por \u00faltimo se realiz\u00f3 el izado de la bandera y los alumnos de 4\u00ba, 5\u00ba y 6\u00ba interpretaron una versi\u00f3n de &#8220;Aceituneros de Ja\u00e9n&#8221;.<\/p>\n<p><img loading=\"lazy\" decoding=\"async\" class=\"alignnone size-full wp-image-1214\" src=\"https:\/\/blogsaverroes.juntadeandalucia.es\/ceipsantateresadejesus\/files\/2023\/03\/IMG_20230224_131418-scaled.jpg\" alt=\"\" width=\"2560\" height=\"1152\" srcset=\"https:\/\/blogsaverroes.juntadeandalucia.es\/ceipsantateresadejesus\/files\/2023\/03\/IMG_20230224_131418-scaled.jpg 2560w, https:\/\/blogsaverroes.juntadeandalucia.es\/ceipsantateresadejesus\/files\/2023\/03\/IMG_20230224_131418-300x135.jpg 300w, https:\/\/blogsaverroes.juntadeandalucia.es\/ceipsantateresadejesus\/files\/2023\/03\/IMG_20230224_131418-1024x461.jpg 1024w, https:\/\/blogsaverroes.juntadeandalucia.es\/ceipsantateresadejesus\/files\/2023\/03\/IMG_20230224_131418-768x346.jpg 768w, https:\/\/blogsaverroes.juntadeandalucia.es\/ceipsantateresadejesus\/files\/2023\/03\/IMG_20230224_131418-1536x691.jpg 1536w, https:\/\/blogsaverroes.juntadeandalucia.es\/ceipsantateresadejesus\/files\/2023\/03\/IMG_20230224_131418-2048x922.jpg 2048w\" sizes=\"(max-width: 2560px) 100vw, 2560px\" \/> <img loading=\"lazy\" decoding=\"async\" class=\"alignnone size-full wp-image-1215\" src=\"https:\/\/blogsaverroes.juntadeandalucia.es\/ceipsantateresadejesus\/files\/2023\/03\/IMG_20230224_131522-scaled.jpg\" alt=\"\" width=\"2560\" height=\"1152\" srcset=\"https:\/\/blogsaverroes.juntadeandalucia.es\/ceipsantateresadejesus\/files\/2023\/03\/IMG_20230224_131522-scaled.jpg 2560w, https:\/\/blogsaverroes.juntadeandalucia.es\/ceipsantateresadejesus\/files\/2023\/03\/IMG_20230224_131522-300x135.jpg 300w, https:\/\/blogsaverroes.juntadeandalucia.es\/ceipsantateresadejesus\/files\/2023\/03\/IMG_20230224_131522-1024x461.jpg 1024w, https:\/\/blogsaverroes.juntadeandalucia.es\/ceipsantateresadejesus\/files\/2023\/03\/IMG_20230224_131522-768x346.jpg 768w, https:\/\/blogsaverroes.juntadeandalucia.es\/ceipsantateresadejesus\/files\/2023\/03\/IMG_20230224_131522-1536x691.jpg 1536w, https:\/\/blogsaverroes.juntadeandalucia.es\/ceipsantateresadejesus\/files\/2023\/03\/IMG_20230224_131522-2048x922.jpg 2048w\" sizes=\"(max-width: 2560px) 100vw, 2560px\" \/> <img loading=\"lazy\" decoding=\"async\" class=\"alignnone size-full wp-image-1216\" src=\"https:\/\/blogsaverroes.juntadeandalucia.es\/ceipsantateresadejesus\/files\/2023\/03\/IMG_20230224_124606-scaled.jpg\" alt=\"\" width=\"2560\" height=\"1152\" srcset=\"https:\/\/blogsaverroes.juntadeandalucia.es\/ceipsantateresadejesus\/files\/2023\/03\/IMG_20230224_124606-scaled.jpg 2560w, https:\/\/blogsaverroes.juntadeandalucia.es\/ceipsantateresadejesus\/files\/2023\/03\/IMG_20230224_124606-300x135.jpg 300w, https:\/\/blogsaverroes.juntadeandalucia.es\/ceipsantateresadejesus\/files\/2023\/03\/IMG_20230224_124606-1024x461.jpg 1024w, https:\/\/blogsaverroes.juntadeandalucia.es\/ceipsantateresadejesus\/files\/2023\/03\/IMG_20230224_124606-768x346.jpg 768w, https:\/\/blogsaverroes.juntadeandalucia.es\/ceipsantateresadejesus\/files\/2023\/03\/IMG_20230224_124606-1536x691.jpg 1536w, https:\/\/blogsaverroes.juntadeandalucia.es\/ceipsantateresadejesus\/files\/2023\/03\/IMG_20230224_124606-2048x922.jpg 2048w\" sizes=\"(max-width: 2560px) 100vw, 2560px\" \/> <img loading=\"lazy\" decoding=\"async\" class=\"alignnone size-full wp-image-1217\" src=\"https:\/\/blogsaverroes.juntadeandalucia.es\/ceipsantateresadejesus\/files\/2023\/03\/IMG_20230224_125614-scaled.jpg\" alt=\"\" width=\"2560\" height=\"1152\" srcset=\"https:\/\/blogsaverroes.juntadeandalucia.es\/ceipsantateresadejesus\/files\/2023\/03\/IMG_20230224_125614-scaled.jpg 2560w, https:\/\/blogsaverroes.juntadeandalucia.es\/ceipsantateresadejesus\/files\/2023\/03\/IMG_20230224_125614-300x135.jpg 300w, https:\/\/blogsaverroes.juntadeandalucia.es\/ceipsantateresadejesus\/files\/2023\/03\/IMG_20230224_125614-1024x461.jpg 1024w, https:\/\/blogsaverroes.juntadeandalucia.es\/ceipsantateresadejesus\/files\/2023\/03\/IMG_20230224_125614-768x346.jpg 768w, https:\/\/blogsaverroes.juntadeandalucia.es\/ceipsantateresadejesus\/files\/2023\/03\/IMG_20230224_125614-1536x691.jpg 1536w, https:\/\/blogsaverroes.juntadeandalucia.es\/ceipsantateresadejesus\/files\/2023\/03\/IMG_20230224_125614-2048x922.jpg 2048w\" sizes=\"(max-width: 2560px) 100vw, 2560px\" \/>&nbsp;<\/p>\n<p><img loading=\"lazy\" decoding=\"async\" class=\"alignnone size-full wp-image-1222\" src=\"https:\/\/blogsaverroes.juntadeandalucia.es\/ceipsantateresadejesus\/files\/2023\/03\/IMG_20230224_131045-1.jpg\" alt=\"\" width=\"1463\" height=\"1913\" srcset=\"https:\/\/blogsaverroes.juntadeandalucia.es\/ceipsantateresadejesus\/files\/2023\/03\/IMG_20230224_131045-1.jpg 1463w, https:\/\/blogsaverroes.juntadeandalucia.es\/ceipsantateresadejesus\/files\/2023\/03\/IMG_20230224_131045-1-229x300.jpg 229w, https:\/\/blogsaverroes.juntadeandalucia.es\/ceipsantateresadejesus\/files\/2023\/03\/IMG_20230224_131045-1-783x1024.jpg 783w, https:\/\/blogsaverroes.juntadeandalucia.es\/ceipsantateresadejesus\/files\/2023\/03\/IMG_20230224_131045-1-768x1004.jpg 768w, https:\/\/blogsaverroes.juntadeandalucia.es\/ceipsantateresadejesus\/files\/2023\/03\/IMG_20230224_131045-1-1175x1536.jpg 1175w\" sizes=\"(max-width: 1463px) 100vw, 1463px\" \/><\/p>\n","protected":false},"excerpt":{"rendered":"<p>El pasado 24 de febrero celebramos el d\u00eda de Andaluc\u00eda en nuestro centro. Para este d\u00eda el AMPA ofreci\u00f3 un desayuno t\u00edpico de pan, aceite y jam\u00f3n. Tambi\u00e9n se realizaron distintas actividades relacionadas con la bandera, el himno y aspectos m\u00e1s significativos de nuestra comunidad, un pasapalabra andaluz y &nbsp;&nbsp;&nbsp;&nbsp;caracterizaci\u00f3n andaluza. Por \u00faltimo se realiz\u00f3 &hellip; <\/p>\n<p><a class=\"more-link btn\" href=\"https:\/\/blogsaverroes.juntadeandalucia.es\/ceipsantateresadejesus\/28f-dia-de-andalucia\/\">Seguir leyendo<\/a><\/p>\n","protected":false},"author":16679,"featured_media":0,"comment_status":"closed","ping_status":"open","sticky":false,"template":"","format":"standard","meta":{"ngg_post_thumbnail":0,"footnotes":""},"categories":[27,35,18,29,30,31],"tags":[],"aioseo_notices":[],"_links":{"self":[{"href":"https:\/\/blogsaverroes.juntadeandalucia.es\/ceipsantateresadejesus\/wp-json\/wp\/v2\/posts\/1213"}],"collection":[{"href":"https:\/\/blogsaverroes.juntadeandalucia.es\/ceipsantateresadejesus\/wp-json\/wp\/v2\/posts"}],"about":[{"href":"https:\/\/blogsaverroes.juntadeandalucia.es\/ceipsantateresadejesus\/wp-json\/wp\/v2\/types\/post"}],"author":[{"embeddable":true,"href":"https:\/\/blogsaverroes.juntadeandalucia.es\/ceipsantateresadejesus\/wp-json\/wp\/v2\/users\/16679"}],"replies":[{"embeddable":true,"href":"https:\/\/blogsaverroes.juntadeandalucia.es\/ceipsantateresadejesus\/wp-json\/wp\/v2\/comments?post=1213"}],"version-history":[{"count":4,"href":"https:\/\/blogsaverroes.juntadeandalucia.es\/ceipsantateresadejesus\/wp-json\/wp\/v2\/posts\/1213\/revisions"}],"predecessor-version":[{"id":1223,"href":"https:\/\/blogsaverroes.juntadeandalucia.es\/ceipsantateresadejesus\/wp-json\/wp\/v2\/posts\/1213\/revisions\/1223"}],"wp:attachment":[{"href":"https:\/\/blogsaverroes.juntadeandalucia.es\/ceipsantateresadejesus\/wp-json\/wp\/v2\/media?parent=1213"}],"wp:term":[{"taxonomy":"category","embeddable":true,"href":"https:\/\/blogsaverroes.juntadeandalucia.es\/ceipsantateresadejesus\/wp-json\/wp\/v2\/categories?post=1213"},{"taxonomy":"post_tag","embeddable":true,"href":"https:\/\/blogsaverroes.juntadeandalucia.es\/ceipsantateresadejesus\/wp-json\/wp\/v2\/tags?post=1213"}],"curies":[{"name":"wp","href":"https:\/\/api.w.org\/{rel}","templated":true}]}}