{"id":1901,"date":"2024-02-10T21:41:06","date_gmt":"2024-02-10T20:41:06","guid":{"rendered":"https:\/\/blogsaverroes.juntadeandalucia.es\/ceipsantateresadejesus\/?p=1901"},"modified":"2024-02-10T21:41:06","modified_gmt":"2024-02-10T20:41:06","slug":"carnavales-2024","status":"publish","type":"post","link":"https:\/\/blogsaverroes.juntadeandalucia.es\/ceipsantateresadejesus\/carnavales-2024\/","title":{"rendered":"Carnavales 2024"},"content":{"rendered":"<p>El pasado viernes 9 de febrero celebramos el carnaval en el colegio.<\/p>\n<p>Como colof\u00f3n a una semana en la que cada d\u00eda, desde el lunes, hemos tra\u00eddo un accesorio hasta completar el disfraz.<\/p>\n<p>La actividad estaba prevista realizarla en el patio pero, debido a las inclemencias meteorol\u00f3gicas se decidi\u00f3 trasladarlo al pabell\u00f3n. All\u00ed disfrutamos todos de un desfile a cargo de cada clase, desde infantil 3 a\u00f1os hasta 6\u00ba de primaria. A continuaci\u00f3n bailamos y nos divertimos todos juntos. finalmente realizamos una sesi\u00f3n de photocall y volvimos al centro para recoger y marchar para casa.<\/p>\n<p>Aqu\u00ed les dejamos unas im\u00e1genes.<\/p>\nngg_shortcode_0_placeholder\n","protected":false},"excerpt":{"rendered":"<p>El pasado viernes 9 de febrero celebramos el carnaval en el colegio. Como colof\u00f3n a una semana en la que cada d\u00eda, desde el lunes, hemos tra\u00eddo un accesorio hasta completar el disfraz. La actividad estaba prevista realizarla en el patio pero, debido a las inclemencias meteorol\u00f3gicas se decidi\u00f3 trasladarlo al pabell\u00f3n. All\u00ed disfrutamos todos &hellip; <\/p>\n<p><a class=\"more-link btn\" href=\"https:\/\/blogsaverroes.juntadeandalucia.es\/ceipsantateresadejesus\/carnavales-2024\/\">Seguir leyendo<\/a><\/p>\n","protected":false},"author":18572,"featured_media":0,"comment_status":"closed","ping_status":"open","sticky":false,"template":"","format":"standard","meta":{"ngg_post_thumbnail":0,"footnotes":""},"categories":[1],"tags":[],"aioseo_notices":[],"_links":{"self":[{"href":"https:\/\/blogsaverroes.juntadeandalucia.es\/ceipsantateresadejesus\/wp-json\/wp\/v2\/posts\/1901"}],"collection":[{"href":"https:\/\/blogsaverroes.juntadeandalucia.es\/ceipsantateresadejesus\/wp-json\/wp\/v2\/posts"}],"about":[{"href":"https:\/\/blogsaverroes.juntadeandalucia.es\/ceipsantateresadejesus\/wp-json\/wp\/v2\/types\/post"}],"author":[{"embeddable":true,"href":"https:\/\/blogsaverroes.juntadeandalucia.es\/ceipsantateresadejesus\/wp-json\/wp\/v2\/users\/18572"}],"replies":[{"embeddable":true,"href":"https:\/\/blogsaverroes.juntadeandalucia.es\/ceipsantateresadejesus\/wp-json\/wp\/v2\/comments?post=1901"}],"version-history":[{"count":1,"href":"https:\/\/blogsaverroes.juntadeandalucia.es\/ceipsantateresadejesus\/wp-json\/wp\/v2\/posts\/1901\/revisions"}],"predecessor-version":[{"id":1902,"href":"https:\/\/blogsaverroes.juntadeandalucia.es\/ceipsantateresadejesus\/wp-json\/wp\/v2\/posts\/1901\/revisions\/1902"}],"wp:attachment":[{"href":"https:\/\/blogsaverroes.juntadeandalucia.es\/ceipsantateresadejesus\/wp-json\/wp\/v2\/media?parent=1901"}],"wp:term":[{"taxonomy":"category","embeddable":true,"href":"https:\/\/blogsaverroes.juntadeandalucia.es\/ceipsantateresadejesus\/wp-json\/wp\/v2\/categories?post=1901"},{"taxonomy":"post_tag","embeddable":true,"href":"https:\/\/blogsaverroes.juntadeandalucia.es\/ceipsantateresadejesus\/wp-json\/wp\/v2\/tags?post=1901"}],"curies":[{"name":"wp","href":"https:\/\/api.w.org\/{rel}","templated":true}]}}