{"id":1946,"date":"2024-03-05T10:58:10","date_gmt":"2024-03-05T09:58:10","guid":{"rendered":"https:\/\/blogsaverroes.juntadeandalucia.es\/ceipsantateresadejesus\/?p=1946"},"modified":"2024-03-05T10:58:37","modified_gmt":"2024-03-05T09:58:37","slug":"dia-de-andalucia","status":"publish","type":"post","link":"https:\/\/blogsaverroes.juntadeandalucia.es\/ceipsantateresadejesus\/dia-de-andalucia\/","title":{"rendered":"D\u00eda de Andaluc\u00eda"},"content":{"rendered":"<p>Con motivo de la celebraci\u00f3n del d\u00eda de Andaluc\u00eda se han realizado diferentes actividades. Cada tutor, con su grupo clase, ha tratado diversos temas relacionados con este d\u00eda y con nuestra regi\u00f3n.<\/p>\n<p>Antes del recreo, gentileza de la Ampa &#8220;Pe\u00f1a del olivar&#8221;, hemos desayunado un bocadillo de pan con aceite y jam\u00f3n. El alumnado ha bajado por clases a la sala de profesores donde se les ha entregado su almuerzo para volver a sus respectivas aulas y tomarlo en compa\u00f1\u00eda.<\/p>\n<p>Ya despu\u00e9s del recreo, los alumnos de sexto han cantado e interpretado con la flauta una canci\u00f3n t\u00edpica, a continuaci\u00f3n el alumnado perteneciente a la asociaci\u00f3n cultural de coros y danzas San Roque de Siles nos ha hecho disfrutar con diversos bailes regionales.<\/p>\n<p>Desde el centro agradecemos la participaci\u00f3n de la Ampa, as\u00ed como a los miembros de la asociaci\u00f3n de coros y danzas que se desplazaron al colegio para hacer posible la celebraci\u00f3n de esta festividad.<\/p>\n<p>Nota. Si tenemos la posibilidad de que el blog nos deje subir alg\u00fan v\u00eddeo lo haremos en otra entrada, para que as\u00ed pod\u00e1is disfrutar tambi\u00e9n vosotros un poco desde esta ventana que muestra un poco lo que realizamos en el colegio.<\/p>\nngg_shortcode_0_placeholder\n","protected":false},"excerpt":{"rendered":"<p>Con motivo de la celebraci\u00f3n del d\u00eda de Andaluc\u00eda se han realizado diferentes actividades. Cada tutor, con su grupo clase, ha tratado diversos temas relacionados con este d\u00eda y con nuestra regi\u00f3n. Antes del recreo, gentileza de la Ampa &#8220;Pe\u00f1a del olivar&#8221;, hemos desayunado un bocadillo de pan con aceite y jam\u00f3n. El alumnado ha &hellip; <\/p>\n<p><a class=\"more-link btn\" href=\"https:\/\/blogsaverroes.juntadeandalucia.es\/ceipsantateresadejesus\/dia-de-andalucia\/\">Seguir leyendo<\/a><\/p>\n","protected":false},"author":18572,"featured_media":0,"comment_status":"closed","ping_status":"open","sticky":false,"template":"","format":"standard","meta":{"ngg_post_thumbnail":0,"footnotes":""},"categories":[1],"tags":[],"aioseo_notices":[],"_links":{"self":[{"href":"https:\/\/blogsaverroes.juntadeandalucia.es\/ceipsantateresadejesus\/wp-json\/wp\/v2\/posts\/1946"}],"collection":[{"href":"https:\/\/blogsaverroes.juntadeandalucia.es\/ceipsantateresadejesus\/wp-json\/wp\/v2\/posts"}],"about":[{"href":"https:\/\/blogsaverroes.juntadeandalucia.es\/ceipsantateresadejesus\/wp-json\/wp\/v2\/types\/post"}],"author":[{"embeddable":true,"href":"https:\/\/blogsaverroes.juntadeandalucia.es\/ceipsantateresadejesus\/wp-json\/wp\/v2\/users\/18572"}],"replies":[{"embeddable":true,"href":"https:\/\/blogsaverroes.juntadeandalucia.es\/ceipsantateresadejesus\/wp-json\/wp\/v2\/comments?post=1946"}],"version-history":[{"count":2,"href":"https:\/\/blogsaverroes.juntadeandalucia.es\/ceipsantateresadejesus\/wp-json\/wp\/v2\/posts\/1946\/revisions"}],"predecessor-version":[{"id":1948,"href":"https:\/\/blogsaverroes.juntadeandalucia.es\/ceipsantateresadejesus\/wp-json\/wp\/v2\/posts\/1946\/revisions\/1948"}],"wp:attachment":[{"href":"https:\/\/blogsaverroes.juntadeandalucia.es\/ceipsantateresadejesus\/wp-json\/wp\/v2\/media?parent=1946"}],"wp:term":[{"taxonomy":"category","embeddable":true,"href":"https:\/\/blogsaverroes.juntadeandalucia.es\/ceipsantateresadejesus\/wp-json\/wp\/v2\/categories?post=1946"},{"taxonomy":"post_tag","embeddable":true,"href":"https:\/\/blogsaverroes.juntadeandalucia.es\/ceipsantateresadejesus\/wp-json\/wp\/v2\/tags?post=1946"}],"curies":[{"name":"wp","href":"https:\/\/api.w.org\/{rel}","templated":true}]}}