{"id":2234,"date":"2024-11-28T10:18:41","date_gmt":"2024-11-28T09:18:41","guid":{"rendered":"https:\/\/blogsaverroes.juntadeandalucia.es\/ceipsantateresadejesus\/?p=2234"},"modified":"2024-11-28T10:19:27","modified_gmt":"2024-11-28T09:19:27","slug":"corona-de-adviento","status":"publish","type":"post","link":"https:\/\/blogsaverroes.juntadeandalucia.es\/ceipsantateresadejesus\/corona-de-adviento\/","title":{"rendered":"Corona de Adviento"},"content":{"rendered":"<p>Los estudiantes de sexto de primaria, en conmemoraci\u00f3n del comienzo del Adviento, han realizado en la clase de Religi\u00f3n una corona de Adviento. Aqu\u00ed pod\u00e9is ver una foto del resultado final.<\/p>\n<p><img loading=\"lazy\" decoding=\"async\" class=\"alignnone wp-image-2235 size-large\" src=\"https:\/\/blogsaverroes.juntadeandalucia.es\/ceipsantateresadejesus\/files\/2024\/11\/IMG-20241127-WA0005-576x1024.jpg\" alt=\"\" width=\"576\" height=\"1024\" srcset=\"https:\/\/blogsaverroes.juntadeandalucia.es\/ceipsantateresadejesus\/files\/2024\/11\/IMG-20241127-WA0005-576x1024.jpg 576w, https:\/\/blogsaverroes.juntadeandalucia.es\/ceipsantateresadejesus\/files\/2024\/11\/IMG-20241127-WA0005-169x300.jpg 169w, https:\/\/blogsaverroes.juntadeandalucia.es\/ceipsantateresadejesus\/files\/2024\/11\/IMG-20241127-WA0005-768x1365.jpg 768w, https:\/\/blogsaverroes.juntadeandalucia.es\/ceipsantateresadejesus\/files\/2024\/11\/IMG-20241127-WA0005-864x1536.jpg 864w, https:\/\/blogsaverroes.juntadeandalucia.es\/ceipsantateresadejesus\/files\/2024\/11\/IMG-20241127-WA0005.jpg 900w\" sizes=\"(max-width: 576px) 100vw, 576px\" \/><\/p>\n","protected":false},"excerpt":{"rendered":"<p>Los estudiantes de sexto de primaria, en conmemoraci\u00f3n del comienzo del Adviento, han realizado en la clase de Religi\u00f3n una corona de Adviento. Aqu\u00ed pod\u00e9is ver una foto del resultado final.<\/p>\n","protected":false},"author":19873,"featured_media":0,"comment_status":"closed","ping_status":"open","sticky":false,"template":"","format":"standard","meta":{"ngg_post_thumbnail":0,"footnotes":""},"categories":[35,21],"tags":[],"aioseo_notices":[],"_links":{"self":[{"href":"https:\/\/blogsaverroes.juntadeandalucia.es\/ceipsantateresadejesus\/wp-json\/wp\/v2\/posts\/2234"}],"collection":[{"href":"https:\/\/blogsaverroes.juntadeandalucia.es\/ceipsantateresadejesus\/wp-json\/wp\/v2\/posts"}],"about":[{"href":"https:\/\/blogsaverroes.juntadeandalucia.es\/ceipsantateresadejesus\/wp-json\/wp\/v2\/types\/post"}],"author":[{"embeddable":true,"href":"https:\/\/blogsaverroes.juntadeandalucia.es\/ceipsantateresadejesus\/wp-json\/wp\/v2\/users\/19873"}],"replies":[{"embeddable":true,"href":"https:\/\/blogsaverroes.juntadeandalucia.es\/ceipsantateresadejesus\/wp-json\/wp\/v2\/comments?post=2234"}],"version-history":[{"count":3,"href":"https:\/\/blogsaverroes.juntadeandalucia.es\/ceipsantateresadejesus\/wp-json\/wp\/v2\/posts\/2234\/revisions"}],"predecessor-version":[{"id":2238,"href":"https:\/\/blogsaverroes.juntadeandalucia.es\/ceipsantateresadejesus\/wp-json\/wp\/v2\/posts\/2234\/revisions\/2238"}],"wp:attachment":[{"href":"https:\/\/blogsaverroes.juntadeandalucia.es\/ceipsantateresadejesus\/wp-json\/wp\/v2\/media?parent=2234"}],"wp:term":[{"taxonomy":"category","embeddable":true,"href":"https:\/\/blogsaverroes.juntadeandalucia.es\/ceipsantateresadejesus\/wp-json\/wp\/v2\/categories?post=2234"},{"taxonomy":"post_tag","embeddable":true,"href":"https:\/\/blogsaverroes.juntadeandalucia.es\/ceipsantateresadejesus\/wp-json\/wp\/v2\/tags?post=2234"}],"curies":[{"name":"wp","href":"https:\/\/api.w.org\/{rel}","templated":true}]}}