{"id":2361,"date":"2025-02-20T11:36:34","date_gmt":"2025-02-20T10:36:34","guid":{"rendered":"https:\/\/blogsaverroes.juntadeandalucia.es\/ceipsantateresadejesus\/?p=2361"},"modified":"2025-02-20T11:36:34","modified_gmt":"2025-02-20T10:36:34","slug":"dia-de-la-paz-2025","status":"publish","type":"post","link":"https:\/\/blogsaverroes.juntadeandalucia.es\/ceipsantateresadejesus\/dia-de-la-paz-2025\/","title":{"rendered":"D\u00eda de la Paz 2025"},"content":{"rendered":"<p>Como cada a\u00f1o, el 30 de enero celebramos en el cole el D\u00eda de la Paz, en esta ocasi\u00f3n con unos emocionantes cuantos le\u00eddos por Mar\u00eda Jos\u00e9 en la biblioteca, y despu\u00e9s con la realizaci\u00f3n de un mural por parte de todo el alumnado.&nbsp;<\/p>\n\n\t\t<style type=\"text\/css\">\n\t\t\t#gallery-1 {\n\t\t\t\tmargin: auto;\n\t\t\t}\n\t\t\t#gallery-1 .gallery-item {\n\t\t\t\tfloat: left;\n\t\t\t\tmargin-top: 10px;\n\t\t\t\ttext-align: center;\n\t\t\t\twidth: 33%;\n\t\t\t}\n\t\t\t#gallery-1 img {\n\t\t\t\tborder: 2px solid #cfcfcf;\n\t\t\t}\n\t\t\t#gallery-1 .gallery-caption {\n\t\t\t\tmargin-left: 0;\n\t\t\t}\n\t\t\t\/* see gallery_shortcode() in wp-includes\/media.php *\/\n\t\t<\/style>\n\t\t<div id='gallery-1' class='gallery galleryid-2361 gallery-columns-3 gallery-size-thumbnail'><dl class='gallery-item'>\n\t\t\t<dt class='gallery-icon landscape'>\n\t\t\t\t<a href='https:\/\/blogsaverroes.juntadeandalucia.es\/ceipsantateresadejesus\/dia-de-la-paz-2025\/attachment\/1738858752771\/'><img loading=\"lazy\" decoding=\"async\" width=\"150\" height=\"150\" src=\"https:\/\/blogsaverroes.juntadeandalucia.es\/ceipsantateresadejesus\/files\/2025\/02\/1738858752771-150x150.jpg\" class=\"attachment-thumbnail size-thumbnail\" alt=\"\" \/><\/a>\n\t\t\t<\/dt><\/dl><dl class='gallery-item'>\n\t\t\t<dt class='gallery-icon portrait'>\n\t\t\t\t<a href='https:\/\/blogsaverroes.juntadeandalucia.es\/ceipsantateresadejesus\/dia-de-la-paz-2025\/attachment\/1738858752819\/'><img loading=\"lazy\" decoding=\"async\" width=\"150\" height=\"150\" src=\"https:\/\/blogsaverroes.juntadeandalucia.es\/ceipsantateresadejesus\/files\/2025\/02\/1738858752819-150x150.jpg\" class=\"attachment-thumbnail size-thumbnail\" alt=\"\" \/><\/a>\n\t\t\t<\/dt><\/dl><dl class='gallery-item'>\n\t\t\t<dt class='gallery-icon landscape'>\n\t\t\t\t<a href='https:\/\/blogsaverroes.juntadeandalucia.es\/ceipsantateresadejesus\/dia-de-la-paz-2025\/attachment\/1738858752886\/'><img loading=\"lazy\" decoding=\"async\" width=\"150\" height=\"150\" src=\"https:\/\/blogsaverroes.juntadeandalucia.es\/ceipsantateresadejesus\/files\/2025\/02\/1738858752886-150x150.jpg\" class=\"attachment-thumbnail size-thumbnail\" alt=\"\" \/><\/a>\n\t\t\t<\/dt><\/dl><br style=\"clear: both\" \/><dl class='gallery-item'>\n\t\t\t<dt class='gallery-icon landscape'>\n\t\t\t\t<a href='https:\/\/blogsaverroes.juntadeandalucia.es\/ceipsantateresadejesus\/dia-de-la-paz-2025\/attachment\/1738858752894\/'><img loading=\"lazy\" decoding=\"async\" width=\"150\" height=\"150\" src=\"https:\/\/blogsaverroes.juntadeandalucia.es\/ceipsantateresadejesus\/files\/2025\/02\/1738858752894-150x150.jpg\" class=\"attachment-thumbnail size-thumbnail\" alt=\"\" \/><\/a>\n\t\t\t<\/dt><\/dl><dl class='gallery-item'>\n\t\t\t<dt class='gallery-icon landscape'>\n\t\t\t\t<a href='https:\/\/blogsaverroes.juntadeandalucia.es\/ceipsantateresadejesus\/dia-de-la-paz-2025\/attachment\/1738858752902\/'><img loading=\"lazy\" decoding=\"async\" width=\"150\" height=\"150\" src=\"https:\/\/blogsaverroes.juntadeandalucia.es\/ceipsantateresadejesus\/files\/2025\/02\/1738858752902-150x150.jpg\" class=\"attachment-thumbnail size-thumbnail\" alt=\"\" \/><\/a>\n\t\t\t<\/dt><\/dl><dl class='gallery-item'>\n\t\t\t<dt class='gallery-icon portrait'>\n\t\t\t\t<a href='https:\/\/blogsaverroes.juntadeandalucia.es\/ceipsantateresadejesus\/dia-de-la-paz-2025\/attachment\/1739537000712\/'><img loading=\"lazy\" decoding=\"async\" width=\"150\" height=\"150\" src=\"https:\/\/blogsaverroes.juntadeandalucia.es\/ceipsantateresadejesus\/files\/2025\/02\/1739537000712-150x150.jpg\" class=\"attachment-thumbnail size-thumbnail\" alt=\"\" \/><\/a>\n\t\t\t<\/dt><\/dl><br style=\"clear: both\" \/>\n\t\t<\/div>\n\n","protected":false},"excerpt":{"rendered":"<p>Como cada a\u00f1o, el 30 de enero celebramos en el cole el D\u00eda de la Paz, en esta ocasi\u00f3n con unos emocionantes cuantos le\u00eddos por Mar\u00eda Jos\u00e9 en la biblioteca, y despu\u00e9s con la realizaci\u00f3n de un mural por parte de todo el alumnado.&nbsp;<\/p>\n","protected":false},"author":19873,"featured_media":0,"comment_status":"closed","ping_status":"open","sticky":false,"template":"","format":"standard","meta":{"ngg_post_thumbnail":0,"footnotes":""},"categories":[1],"tags":[],"aioseo_notices":[],"_links":{"self":[{"href":"https:\/\/blogsaverroes.juntadeandalucia.es\/ceipsantateresadejesus\/wp-json\/wp\/v2\/posts\/2361"}],"collection":[{"href":"https:\/\/blogsaverroes.juntadeandalucia.es\/ceipsantateresadejesus\/wp-json\/wp\/v2\/posts"}],"about":[{"href":"https:\/\/blogsaverroes.juntadeandalucia.es\/ceipsantateresadejesus\/wp-json\/wp\/v2\/types\/post"}],"author":[{"embeddable":true,"href":"https:\/\/blogsaverroes.juntadeandalucia.es\/ceipsantateresadejesus\/wp-json\/wp\/v2\/users\/19873"}],"replies":[{"embeddable":true,"href":"https:\/\/blogsaverroes.juntadeandalucia.es\/ceipsantateresadejesus\/wp-json\/wp\/v2\/comments?post=2361"}],"version-history":[{"count":4,"href":"https:\/\/blogsaverroes.juntadeandalucia.es\/ceipsantateresadejesus\/wp-json\/wp\/v2\/posts\/2361\/revisions"}],"predecessor-version":[{"id":2374,"href":"https:\/\/blogsaverroes.juntadeandalucia.es\/ceipsantateresadejesus\/wp-json\/wp\/v2\/posts\/2361\/revisions\/2374"}],"wp:attachment":[{"href":"https:\/\/blogsaverroes.juntadeandalucia.es\/ceipsantateresadejesus\/wp-json\/wp\/v2\/media?parent=2361"}],"wp:term":[{"taxonomy":"category","embeddable":true,"href":"https:\/\/blogsaverroes.juntadeandalucia.es\/ceipsantateresadejesus\/wp-json\/wp\/v2\/categories?post=2361"},{"taxonomy":"post_tag","embeddable":true,"href":"https:\/\/blogsaverroes.juntadeandalucia.es\/ceipsantateresadejesus\/wp-json\/wp\/v2\/tags?post=2361"}],"curies":[{"name":"wp","href":"https:\/\/api.w.org\/{rel}","templated":true}]}}