{"id":2640,"date":"2025-06-20T19:14:54","date_gmt":"2025-06-20T18:14:54","guid":{"rendered":"https:\/\/blogsaverroes.juntadeandalucia.es\/ceipsantateresadejesus\/?p=2640"},"modified":"2025-06-20T19:14:54","modified_gmt":"2025-06-20T18:14:54","slug":"habitos-de-vida-saludable","status":"publish","type":"post","link":"https:\/\/blogsaverroes.juntadeandalucia.es\/ceipsantateresadejesus\/habitos-de-vida-saludable\/","title":{"rendered":"H\u00e1bitos de vida saludable"},"content":{"rendered":"<p>Desde la asignatura de Lengua la se\u00f1o Mar\u00eda Jos\u00e9 ha preparado este podcast con el alumnado de 5\u00ba y 6\u00ba. Que lo disfrut\u00e9is.<\/p>\n<div style=\"width: 750px;\" class=\"wp-video\"><!--[if lt IE 9]><script>document.createElement('video');<\/script><![endif]-->\n<video class=\"wp-video-shortcode\" id=\"video-2640-1\" width=\"750\" height=\"750\" preload=\"metadata\" controls=\"controls\"><source type=\"video\/mp4\" src=\"https:\/\/blogsaverroes.juntadeandalucia.es\/ceipsantateresadejesus\/files\/2025\/06\/Para-blog.mp4?_=1\" \/><a href=\"https:\/\/blogsaverroes.juntadeandalucia.es\/ceipsantateresadejesus\/files\/2025\/06\/Para-blog.mp4\">https:\/\/blogsaverroes.juntadeandalucia.es\/ceipsantateresadejesus\/files\/2025\/06\/Para-blog.mp4<\/a><\/video><\/div>\n<p>&nbsp;<\/p>\n","protected":false},"excerpt":{"rendered":"<p>Desde la asignatura de Lengua la se\u00f1o Mar\u00eda Jos\u00e9 ha preparado este podcast con el alumnado de 5\u00ba y 6\u00ba. Que lo disfrut\u00e9is. &nbsp;<\/p>\n","protected":false},"author":19873,"featured_media":0,"comment_status":"closed","ping_status":"open","sticky":false,"template":"","format":"standard","meta":{"ngg_post_thumbnail":0,"footnotes":""},"categories":[1],"tags":[],"aioseo_notices":[],"_links":{"self":[{"href":"https:\/\/blogsaverroes.juntadeandalucia.es\/ceipsantateresadejesus\/wp-json\/wp\/v2\/posts\/2640"}],"collection":[{"href":"https:\/\/blogsaverroes.juntadeandalucia.es\/ceipsantateresadejesus\/wp-json\/wp\/v2\/posts"}],"about":[{"href":"https:\/\/blogsaverroes.juntadeandalucia.es\/ceipsantateresadejesus\/wp-json\/wp\/v2\/types\/post"}],"author":[{"embeddable":true,"href":"https:\/\/blogsaverroes.juntadeandalucia.es\/ceipsantateresadejesus\/wp-json\/wp\/v2\/users\/19873"}],"replies":[{"embeddable":true,"href":"https:\/\/blogsaverroes.juntadeandalucia.es\/ceipsantateresadejesus\/wp-json\/wp\/v2\/comments?post=2640"}],"version-history":[{"count":1,"href":"https:\/\/blogsaverroes.juntadeandalucia.es\/ceipsantateresadejesus\/wp-json\/wp\/v2\/posts\/2640\/revisions"}],"predecessor-version":[{"id":2642,"href":"https:\/\/blogsaverroes.juntadeandalucia.es\/ceipsantateresadejesus\/wp-json\/wp\/v2\/posts\/2640\/revisions\/2642"}],"wp:attachment":[{"href":"https:\/\/blogsaverroes.juntadeandalucia.es\/ceipsantateresadejesus\/wp-json\/wp\/v2\/media?parent=2640"}],"wp:term":[{"taxonomy":"category","embeddable":true,"href":"https:\/\/blogsaverroes.juntadeandalucia.es\/ceipsantateresadejesus\/wp-json\/wp\/v2\/categories?post=2640"},{"taxonomy":"post_tag","embeddable":true,"href":"https:\/\/blogsaverroes.juntadeandalucia.es\/ceipsantateresadejesus\/wp-json\/wp\/v2\/tags?post=2640"}],"curies":[{"name":"wp","href":"https:\/\/api.w.org\/{rel}","templated":true}]}}