{"id":2691,"date":"2025-06-20T22:23:02","date_gmt":"2025-06-20T21:23:02","guid":{"rendered":"https:\/\/blogsaverroes.juntadeandalucia.es\/ceipsantateresadejesus\/?p=2691"},"modified":"2025-06-20T22:23:02","modified_gmt":"2025-06-20T21:23:02","slug":"viaje-de-estudios-2025","status":"publish","type":"post","link":"https:\/\/blogsaverroes.juntadeandalucia.es\/ceipsantateresadejesus\/viaje-de-estudios-2025\/","title":{"rendered":"Viaje de Estudios 2025"},"content":{"rendered":"<p>Del 4 al 7 de junio, los alumnos y alumnas de 6\u00ba de primaria pudieron disfrutar de su viaje de estudios en M\u00e1laga, en compa\u00f1\u00eda del director Javier Aguirre. El viaje estuvo lleno de actividades como la visita a las Cuevas de Nerja, parque acu\u00e1tico, actividades multiaventura en Marbella, viaje en barco, playa, actividades n\u00e1uticas&#8230;<\/p>\nngg_shortcode_0_placeholder\n","protected":false},"excerpt":{"rendered":"<p>Del 4 al 7 de junio, los alumnos y alumnas de 6\u00ba de primaria pudieron disfrutar de su viaje de estudios en M\u00e1laga, en compa\u00f1\u00eda del director Javier Aguirre. El viaje estuvo lleno de actividades como la visita a las Cuevas de Nerja, parque acu\u00e1tico, actividades multiaventura en Marbella, viaje en barco, playa, actividades n\u00e1uticas&#8230;<\/p>\n","protected":false},"author":19873,"featured_media":0,"comment_status":"closed","ping_status":"open","sticky":false,"template":"","format":"standard","meta":{"ngg_post_thumbnail":0,"footnotes":""},"categories":[1],"tags":[],"aioseo_notices":[],"_links":{"self":[{"href":"https:\/\/blogsaverroes.juntadeandalucia.es\/ceipsantateresadejesus\/wp-json\/wp\/v2\/posts\/2691"}],"collection":[{"href":"https:\/\/blogsaverroes.juntadeandalucia.es\/ceipsantateresadejesus\/wp-json\/wp\/v2\/posts"}],"about":[{"href":"https:\/\/blogsaverroes.juntadeandalucia.es\/ceipsantateresadejesus\/wp-json\/wp\/v2\/types\/post"}],"author":[{"embeddable":true,"href":"https:\/\/blogsaverroes.juntadeandalucia.es\/ceipsantateresadejesus\/wp-json\/wp\/v2\/users\/19873"}],"replies":[{"embeddable":true,"href":"https:\/\/blogsaverroes.juntadeandalucia.es\/ceipsantateresadejesus\/wp-json\/wp\/v2\/comments?post=2691"}],"version-history":[{"count":1,"href":"https:\/\/blogsaverroes.juntadeandalucia.es\/ceipsantateresadejesus\/wp-json\/wp\/v2\/posts\/2691\/revisions"}],"predecessor-version":[{"id":2715,"href":"https:\/\/blogsaverroes.juntadeandalucia.es\/ceipsantateresadejesus\/wp-json\/wp\/v2\/posts\/2691\/revisions\/2715"}],"wp:attachment":[{"href":"https:\/\/blogsaverroes.juntadeandalucia.es\/ceipsantateresadejesus\/wp-json\/wp\/v2\/media?parent=2691"}],"wp:term":[{"taxonomy":"category","embeddable":true,"href":"https:\/\/blogsaverroes.juntadeandalucia.es\/ceipsantateresadejesus\/wp-json\/wp\/v2\/categories?post=2691"},{"taxonomy":"post_tag","embeddable":true,"href":"https:\/\/blogsaverroes.juntadeandalucia.es\/ceipsantateresadejesus\/wp-json\/wp\/v2\/tags?post=2691"}],"curies":[{"name":"wp","href":"https:\/\/api.w.org\/{rel}","templated":true}]}}