{"id":2864,"date":"2025-10-31T13:57:38","date_gmt":"2025-10-31T12:57:38","guid":{"rendered":"https:\/\/blogsaverroes.juntadeandalucia.es\/ceipsantateresadejesus\/?p=2864"},"modified":"2025-10-31T13:57:38","modified_gmt":"2025-10-31T12:57:38","slug":"dia-del-tdah","status":"publish","type":"post","link":"https:\/\/blogsaverroes.juntadeandalucia.es\/ceipsantateresadejesus\/dia-del-tdah\/","title":{"rendered":"D\u00eda del TDAH"},"content":{"rendered":"<p>El 27 de octubre celebramos en el colegio el D\u00eda Nacional del TDAH, con la intenci\u00f3n de darle visibilidad. Para ello hicimos un coraz\u00f3n de globos naranjas, que es el color elegido para esta efem\u00e9ride, y escuchamos algunas canciones relacionadas con el tema.<\/p>\n<p>ngg_shortcode_0_placeholder<div style=\"width: 750px;\" class=\"wp-video\"><!--[if lt IE 9]><script>document.createElement('video');<\/script><![endif]-->\n<video class=\"wp-video-shortcode\" id=\"video-2864-1\" width=\"750\" height=\"425\" preload=\"metadata\" controls=\"controls\"><source type=\"video\/mp4\" src=\"https:\/\/blogsaverroes.juntadeandalucia.es\/ceipsantateresadejesus\/files\/2025\/10\/VID-20251027-WA0035.mp4?_=1\" \/><a href=\"https:\/\/blogsaverroes.juntadeandalucia.es\/ceipsantateresadejesus\/files\/2025\/10\/VID-20251027-WA0035.mp4\">https:\/\/blogsaverroes.juntadeandalucia.es\/ceipsantateresadejesus\/files\/2025\/10\/VID-20251027-WA0035.mp4<\/a><\/video><\/div><\/p>\n","protected":false},"excerpt":{"rendered":"<p>El 27 de octubre celebramos en el colegio el D\u00eda Nacional del TDAH, con la intenci\u00f3n de darle visibilidad. Para ello hicimos un coraz\u00f3n de globos naranjas, que es el color elegido para esta efem\u00e9ride, y escuchamos algunas canciones relacionadas con el tema.<\/p>\n","protected":false},"author":19873,"featured_media":0,"comment_status":"closed","ping_status":"open","sticky":false,"template":"","format":"standard","meta":{"ngg_post_thumbnail":0,"footnotes":""},"categories":[1],"tags":[],"aioseo_notices":[],"_links":{"self":[{"href":"https:\/\/blogsaverroes.juntadeandalucia.es\/ceipsantateresadejesus\/wp-json\/wp\/v2\/posts\/2864"}],"collection":[{"href":"https:\/\/blogsaverroes.juntadeandalucia.es\/ceipsantateresadejesus\/wp-json\/wp\/v2\/posts"}],"about":[{"href":"https:\/\/blogsaverroes.juntadeandalucia.es\/ceipsantateresadejesus\/wp-json\/wp\/v2\/types\/post"}],"author":[{"embeddable":true,"href":"https:\/\/blogsaverroes.juntadeandalucia.es\/ceipsantateresadejesus\/wp-json\/wp\/v2\/users\/19873"}],"replies":[{"embeddable":true,"href":"https:\/\/blogsaverroes.juntadeandalucia.es\/ceipsantateresadejesus\/wp-json\/wp\/v2\/comments?post=2864"}],"version-history":[{"count":3,"href":"https:\/\/blogsaverroes.juntadeandalucia.es\/ceipsantateresadejesus\/wp-json\/wp\/v2\/posts\/2864\/revisions"}],"predecessor-version":[{"id":2870,"href":"https:\/\/blogsaverroes.juntadeandalucia.es\/ceipsantateresadejesus\/wp-json\/wp\/v2\/posts\/2864\/revisions\/2870"}],"wp:attachment":[{"href":"https:\/\/blogsaverroes.juntadeandalucia.es\/ceipsantateresadejesus\/wp-json\/wp\/v2\/media?parent=2864"}],"wp:term":[{"taxonomy":"category","embeddable":true,"href":"https:\/\/blogsaverroes.juntadeandalucia.es\/ceipsantateresadejesus\/wp-json\/wp\/v2\/categories?post=2864"},{"taxonomy":"post_tag","embeddable":true,"href":"https:\/\/blogsaverroes.juntadeandalucia.es\/ceipsantateresadejesus\/wp-json\/wp\/v2\/tags?post=2864"}],"curies":[{"name":"wp","href":"https:\/\/api.w.org\/{rel}","templated":true}]}}