{"id":2970,"date":"2025-12-08T19:58:24","date_gmt":"2025-12-08T18:58:24","guid":{"rendered":"https:\/\/blogsaverroes.juntadeandalucia.es\/ceipsantateresadejesus\/?p=2970"},"modified":"2025-12-19T20:06:08","modified_gmt":"2025-12-19T19:06:08","slug":"dia-de-la-constitucion-2","status":"publish","type":"post","link":"https:\/\/blogsaverroes.juntadeandalucia.es\/ceipsantateresadejesus\/dia-de-la-constitucion-2\/","title":{"rendered":"D\u00eda de la Constituci\u00f3n"},"content":{"rendered":"<p>El d\u00eda 5 de diciembre hicimos una actividad conjunta en la biblioteca para conmemorar el D\u00eda de la Constituci\u00f3n, donde pudimos leer algunos de los problemas que afectan a la comunidad educativa, que fueron recogidos los d\u00edas previos en un buz\u00f3n an\u00f3nimo. Posteriormente, los cursos de 5\u00ba y 6\u00ba visitaron el Ayuntamiento de Siles para celebrar un &#8220;minipleno&#8221; con la colaboraci\u00f3n del alcalde, Francisco Javier Berm\u00fadez. Fue una sesi\u00f3n muy enriquecedora para todos y todas.<\/p>\nngg_shortcode_0_placeholder\n","protected":false},"excerpt":{"rendered":"<p>El d\u00eda 5 de diciembre hicimos una actividad conjunta en la biblioteca para conmemorar el D\u00eda de la Constituci\u00f3n, donde pudimos leer algunos de los problemas que afectan a la comunidad educativa, que fueron recogidos los d\u00edas previos en un buz\u00f3n an\u00f3nimo. Posteriormente, los cursos de 5\u00ba y 6\u00ba visitaron el Ayuntamiento de Siles para &hellip; <\/p>\n<p><a class=\"more-link btn\" href=\"https:\/\/blogsaverroes.juntadeandalucia.es\/ceipsantateresadejesus\/dia-de-la-constitucion-2\/\">Seguir leyendo<\/a><\/p>\n","protected":false},"author":19873,"featured_media":0,"comment_status":"closed","ping_status":"open","sticky":false,"template":"","format":"standard","meta":{"ngg_post_thumbnail":0,"footnotes":""},"categories":[1],"tags":[],"aioseo_notices":[],"_links":{"self":[{"href":"https:\/\/blogsaverroes.juntadeandalucia.es\/ceipsantateresadejesus\/wp-json\/wp\/v2\/posts\/2970"}],"collection":[{"href":"https:\/\/blogsaverroes.juntadeandalucia.es\/ceipsantateresadejesus\/wp-json\/wp\/v2\/posts"}],"about":[{"href":"https:\/\/blogsaverroes.juntadeandalucia.es\/ceipsantateresadejesus\/wp-json\/wp\/v2\/types\/post"}],"author":[{"embeddable":true,"href":"https:\/\/blogsaverroes.juntadeandalucia.es\/ceipsantateresadejesus\/wp-json\/wp\/v2\/users\/19873"}],"replies":[{"embeddable":true,"href":"https:\/\/blogsaverroes.juntadeandalucia.es\/ceipsantateresadejesus\/wp-json\/wp\/v2\/comments?post=2970"}],"version-history":[{"count":1,"href":"https:\/\/blogsaverroes.juntadeandalucia.es\/ceipsantateresadejesus\/wp-json\/wp\/v2\/posts\/2970\/revisions"}],"predecessor-version":[{"id":2977,"href":"https:\/\/blogsaverroes.juntadeandalucia.es\/ceipsantateresadejesus\/wp-json\/wp\/v2\/posts\/2970\/revisions\/2977"}],"wp:attachment":[{"href":"https:\/\/blogsaverroes.juntadeandalucia.es\/ceipsantateresadejesus\/wp-json\/wp\/v2\/media?parent=2970"}],"wp:term":[{"taxonomy":"category","embeddable":true,"href":"https:\/\/blogsaverroes.juntadeandalucia.es\/ceipsantateresadejesus\/wp-json\/wp\/v2\/categories?post=2970"},{"taxonomy":"post_tag","embeddable":true,"href":"https:\/\/blogsaverroes.juntadeandalucia.es\/ceipsantateresadejesus\/wp-json\/wp\/v2\/tags?post=2970"}],"curies":[{"name":"wp","href":"https:\/\/api.w.org\/{rel}","templated":true}]}}