{"id":3164,"date":"2026-03-25T13:20:37","date_gmt":"2026-03-25T12:20:37","guid":{"rendered":"https:\/\/blogsaverroes.juntadeandalucia.es\/ceipsantateresadejesus\/?p=3164"},"modified":"2026-03-26T13:23:46","modified_gmt":"2026-03-26T12:23:46","slug":"dulces-de-semana-santa","status":"publish","type":"post","link":"https:\/\/blogsaverroes.juntadeandalucia.es\/ceipsantateresadejesus\/dulces-de-semana-santa\/","title":{"rendered":"Dulces de Semana Santa"},"content":{"rendered":"<p>Los alumnos\/as de sexto de primaria, han realizado desde la clase de religi\u00f3n, un proyecto sobre los dulces de Semana Santa. Para ello, han investigado junto con sus familias las principales recetas que degustan en estas fiestas. A continuaci\u00f3n, han realizado un recetario y han puesto en pr\u00e1ctica sus saberes culinarios. Adem\u00e1s, de degustar estas delicias creaciones entre todos, compartiendo y siendo protagonistas en cada momento.<br \/>\nHa sido una actividad muy motivadora para ellos.<\/p>\nngg_shortcode_0_placeholder\n","protected":false},"excerpt":{"rendered":"<p>Los alumnos\/as de sexto de primaria, han realizado desde la clase de religi\u00f3n, un proyecto sobre los dulces de Semana Santa. Para ello, han investigado junto con sus familias las principales recetas que degustan en estas fiestas. A continuaci\u00f3n, han realizado un recetario y han puesto en pr\u00e1ctica sus saberes culinarios. Adem\u00e1s, de degustar estas &hellip; <\/p>\n<p><a class=\"more-link btn\" href=\"https:\/\/blogsaverroes.juntadeandalucia.es\/ceipsantateresadejesus\/dulces-de-semana-santa\/\">Seguir leyendo<\/a><\/p>\n","protected":false},"author":19873,"featured_media":0,"comment_status":"closed","ping_status":"open","sticky":false,"template":"","format":"standard","meta":{"ngg_post_thumbnail":0,"footnotes":""},"categories":[1],"tags":[],"aioseo_notices":[],"_links":{"self":[{"href":"https:\/\/blogsaverroes.juntadeandalucia.es\/ceipsantateresadejesus\/wp-json\/wp\/v2\/posts\/3164"}],"collection":[{"href":"https:\/\/blogsaverroes.juntadeandalucia.es\/ceipsantateresadejesus\/wp-json\/wp\/v2\/posts"}],"about":[{"href":"https:\/\/blogsaverroes.juntadeandalucia.es\/ceipsantateresadejesus\/wp-json\/wp\/v2\/types\/post"}],"author":[{"embeddable":true,"href":"https:\/\/blogsaverroes.juntadeandalucia.es\/ceipsantateresadejesus\/wp-json\/wp\/v2\/users\/19873"}],"replies":[{"embeddable":true,"href":"https:\/\/blogsaverroes.juntadeandalucia.es\/ceipsantateresadejesus\/wp-json\/wp\/v2\/comments?post=3164"}],"version-history":[{"count":1,"href":"https:\/\/blogsaverroes.juntadeandalucia.es\/ceipsantateresadejesus\/wp-json\/wp\/v2\/posts\/3164\/revisions"}],"predecessor-version":[{"id":3175,"href":"https:\/\/blogsaverroes.juntadeandalucia.es\/ceipsantateresadejesus\/wp-json\/wp\/v2\/posts\/3164\/revisions\/3175"}],"wp:attachment":[{"href":"https:\/\/blogsaverroes.juntadeandalucia.es\/ceipsantateresadejesus\/wp-json\/wp\/v2\/media?parent=3164"}],"wp:term":[{"taxonomy":"category","embeddable":true,"href":"https:\/\/blogsaverroes.juntadeandalucia.es\/ceipsantateresadejesus\/wp-json\/wp\/v2\/categories?post=3164"},{"taxonomy":"post_tag","embeddable":true,"href":"https:\/\/blogsaverroes.juntadeandalucia.es\/ceipsantateresadejesus\/wp-json\/wp\/v2\/tags?post=3164"}],"curies":[{"name":"wp","href":"https:\/\/api.w.org\/{rel}","templated":true}]}}