{"id":2947,"date":"2021-10-30T19:51:06","date_gmt":"2021-10-30T17:51:06","guid":{"rendered":"https:\/\/blogsaverroes.juntadeandalucia.es\/ceipsantateresalgeciras\/?p=2947"},"modified":"2021-10-30T20:23:57","modified_gmt":"2021-10-30T18:23:57","slug":"otono-llego","status":"publish","type":"post","link":"https:\/\/blogsaverroes.juntadeandalucia.es\/ceipsantateresalgeciras\/otono-llego\/","title":{"rendered":"\u00a1\u00a1\ud83c\udfb6OTO\u00d1O LLEG\u00d3\ud83c\udfb5!!"},"content":{"rendered":"<p style=\"padding-left: 40px\"><img loading=\"lazy\" decoding=\"async\" class=\"alignnone size-full wp-image-2956\" src=\"https:\/\/blogsaverroes.juntadeandalucia.es\/ceipsantateresalgeciras\/files\/2021\/10\/Screenshot_20211030-185607_WhatsApp.jpg\" alt=\"\" width=\"1065\" height=\"763\" srcset=\"https:\/\/blogsaverroes.juntadeandalucia.es\/ceipsantateresalgeciras\/files\/2021\/10\/Screenshot_20211030-185607_WhatsApp.jpg 1065w, https:\/\/blogsaverroes.juntadeandalucia.es\/ceipsantateresalgeciras\/files\/2021\/10\/Screenshot_20211030-185607_WhatsApp-300x215.jpg 300w, https:\/\/blogsaverroes.juntadeandalucia.es\/ceipsantateresalgeciras\/files\/2021\/10\/Screenshot_20211030-185607_WhatsApp-1024x734.jpg 1024w, https:\/\/blogsaverroes.juntadeandalucia.es\/ceipsantateresalgeciras\/files\/2021\/10\/Screenshot_20211030-185607_WhatsApp-768x550.jpg 768w\" sizes=\"(max-width: 706px) 89vw, (max-width: 767px) 82vw, 740px\" \/><img loading=\"lazy\" decoding=\"async\" class=\"alignnone size-full wp-image-2955\" src=\"https:\/\/blogsaverroes.juntadeandalucia.es\/ceipsantateresalgeciras\/files\/2021\/10\/Screenshot_20211030-185546_WhatsApp-1.jpg\" alt=\"\" width=\"1049\" height=\"770\" srcset=\"https:\/\/blogsaverroes.juntadeandalucia.es\/ceipsantateresalgeciras\/files\/2021\/10\/Screenshot_20211030-185546_WhatsApp-1.jpg 1049w, https:\/\/blogsaverroes.juntadeandalucia.es\/ceipsantateresalgeciras\/files\/2021\/10\/Screenshot_20211030-185546_WhatsApp-1-300x220.jpg 300w, https:\/\/blogsaverroes.juntadeandalucia.es\/ceipsantateresalgeciras\/files\/2021\/10\/Screenshot_20211030-185546_WhatsApp-1-1024x752.jpg 1024w, https:\/\/blogsaverroes.juntadeandalucia.es\/ceipsantateresalgeciras\/files\/2021\/10\/Screenshot_20211030-185546_WhatsApp-1-768x564.jpg 768w\" sizes=\"(max-width: 706px) 89vw, (max-width: 767px) 82vw, 740px\" \/>El oto\u00f1o ha llegado y el curso 2021\/22 ya est\u00e1 a pleno rendimiento en nuestro colegio.<\/p>\n<p>Las aulas vuelven a estar llenas de vida y color&#8230; Y precisamente una muestra de ello son las fotos de nuestros ni\u00f1os y ni\u00f1as de Infantil.&nbsp;<\/p>\n<p><img loading=\"lazy\" decoding=\"async\" class=\"alignnone size-full wp-image-2959\" src=\"https:\/\/blogsaverroes.juntadeandalucia.es\/ceipsantateresalgeciras\/files\/2021\/10\/Screenshot_20211030-185329_Gallery.jpg\" alt=\"\" width=\"1032\" height=\"637\" srcset=\"https:\/\/blogsaverroes.juntadeandalucia.es\/ceipsantateresalgeciras\/files\/2021\/10\/Screenshot_20211030-185329_Gallery.jpg 1032w, https:\/\/blogsaverroes.juntadeandalucia.es\/ceipsantateresalgeciras\/files\/2021\/10\/Screenshot_20211030-185329_Gallery-300x185.jpg 300w, https:\/\/blogsaverroes.juntadeandalucia.es\/ceipsantateresalgeciras\/files\/2021\/10\/Screenshot_20211030-185329_Gallery-1024x632.jpg 1024w, https:\/\/blogsaverroes.juntadeandalucia.es\/ceipsantateresalgeciras\/files\/2021\/10\/Screenshot_20211030-185329_Gallery-768x474.jpg 768w\" sizes=\"(max-width: 706px) 89vw, (max-width: 767px) 82vw, 740px\" \/><\/p>\n<p><img loading=\"lazy\" decoding=\"async\" class=\"alignnone size-full wp-image-2961\" src=\"https:\/\/blogsaverroes.juntadeandalucia.es\/ceipsantateresalgeciras\/files\/2021\/10\/Screenshot_20211030-185505_WhatsApp-1.jpg\" alt=\"\" width=\"1065\" height=\"689\" srcset=\"https:\/\/blogsaverroes.juntadeandalucia.es\/ceipsantateresalgeciras\/files\/2021\/10\/Screenshot_20211030-185505_WhatsApp-1.jpg 1065w, https:\/\/blogsaverroes.juntadeandalucia.es\/ceipsantateresalgeciras\/files\/2021\/10\/Screenshot_20211030-185505_WhatsApp-1-300x194.jpg 300w, https:\/\/blogsaverroes.juntadeandalucia.es\/ceipsantateresalgeciras\/files\/2021\/10\/Screenshot_20211030-185505_WhatsApp-1-1024x662.jpg 1024w, https:\/\/blogsaverroes.juntadeandalucia.es\/ceipsantateresalgeciras\/files\/2021\/10\/Screenshot_20211030-185505_WhatsApp-1-768x497.jpg 768w\" sizes=\"(max-width: 706px) 89vw, (max-width: 767px) 82vw, 740px\" \/><\/p>\n<p>El viernes 29 de octubre coincidiendo con la cercan\u00eda de la tradicional fiesta de Tosantos, muchos de los alumn@s del centro trajeron frutas y frutos secos propios de estas fechas. Adem\u00e1s, los m\u00e1s peque\u00f1os realizaron diversas actividades relacionadas con esta estaci\u00f3n del a\u00f1o: poes\u00edas, canciones, mercados, actividades pl\u00e1sticas, etc., llenando las clases con los colores del oto\u00f1o.<\/p>\n<p><img loading=\"lazy\" decoding=\"async\" class=\"alignnone size-full wp-image-2962\" src=\"https:\/\/blogsaverroes.juntadeandalucia.es\/ceipsantateresalgeciras\/files\/2021\/10\/Screenshot_20211030-185630_WhatsApp.jpg\" alt=\"\" width=\"1016\" height=\"790\" srcset=\"https:\/\/blogsaverroes.juntadeandalucia.es\/ceipsantateresalgeciras\/files\/2021\/10\/Screenshot_20211030-185630_WhatsApp.jpg 1016w, https:\/\/blogsaverroes.juntadeandalucia.es\/ceipsantateresalgeciras\/files\/2021\/10\/Screenshot_20211030-185630_WhatsApp-300x233.jpg 300w, https:\/\/blogsaverroes.juntadeandalucia.es\/ceipsantateresalgeciras\/files\/2021\/10\/Screenshot_20211030-185630_WhatsApp-768x597.jpg 768w\" sizes=\"(max-width: 706px) 89vw, (max-width: 767px) 82vw, 740px\" \/><\/p>\n<p><img loading=\"lazy\" decoding=\"async\" class=\"alignnone size-full wp-image-2963\" src=\"https:\/\/blogsaverroes.juntadeandalucia.es\/ceipsantateresalgeciras\/files\/2021\/10\/Screenshot_20211030-185028_WhatsApp.jpg\" alt=\"\" width=\"973\" height=\"725\" srcset=\"https:\/\/blogsaverroes.juntadeandalucia.es\/ceipsantateresalgeciras\/files\/2021\/10\/Screenshot_20211030-185028_WhatsApp.jpg 973w, https:\/\/blogsaverroes.juntadeandalucia.es\/ceipsantateresalgeciras\/files\/2021\/10\/Screenshot_20211030-185028_WhatsApp-300x224.jpg 300w, https:\/\/blogsaverroes.juntadeandalucia.es\/ceipsantateresalgeciras\/files\/2021\/10\/Screenshot_20211030-185028_WhatsApp-768x572.jpg 768w\" sizes=\"(max-width: 706px) 89vw, (max-width: 767px) 82vw, 740px\" \/><\/p>\n<p>\u00a1Un d\u00eda para disfrutar y recordar!<\/p>\n","protected":false},"excerpt":{"rendered":"<p>El oto\u00f1o ha llegado y el curso 2021\/22 ya est\u00e1 a pleno rendimiento en nuestro colegio. Las aulas vuelven a estar llenas de vida y color&#8230; Y precisamente una muestra de ello son las fotos de nuestros ni\u00f1os y ni\u00f1as de Infantil.&nbsp; El viernes 29 de octubre coincidiendo con la cercan\u00eda de la tradicional fiesta &hellip; <\/p>\n<p class=\"link-more\"><a href=\"https:\/\/blogsaverroes.juntadeandalucia.es\/ceipsantateresalgeciras\/otono-llego\/\" class=\"more-link\">Continuar leyendo<span class=\"screen-reader-text\"> \u00ab\u00a1\u00a1\ud83c\udfb6OTO\u00d1O LLEG\u00d3\ud83c\udfb5!!\u00bb<\/span><\/a><\/p>\n","protected":false},"author":12123,"featured_media":0,"comment_status":"closed","ping_status":"open","sticky":false,"template":"","format":"standard","meta":{"ngg_post_thumbnail":0,"footnotes":""},"categories":[8],"tags":[],"aioseo_notices":[],"_links":{"self":[{"href":"https:\/\/blogsaverroes.juntadeandalucia.es\/ceipsantateresalgeciras\/wp-json\/wp\/v2\/posts\/2947"}],"collection":[{"href":"https:\/\/blogsaverroes.juntadeandalucia.es\/ceipsantateresalgeciras\/wp-json\/wp\/v2\/posts"}],"about":[{"href":"https:\/\/blogsaverroes.juntadeandalucia.es\/ceipsantateresalgeciras\/wp-json\/wp\/v2\/types\/post"}],"author":[{"embeddable":true,"href":"https:\/\/blogsaverroes.juntadeandalucia.es\/ceipsantateresalgeciras\/wp-json\/wp\/v2\/users\/12123"}],"replies":[{"embeddable":true,"href":"https:\/\/blogsaverroes.juntadeandalucia.es\/ceipsantateresalgeciras\/wp-json\/wp\/v2\/comments?post=2947"}],"version-history":[{"count":5,"href":"https:\/\/blogsaverroes.juntadeandalucia.es\/ceipsantateresalgeciras\/wp-json\/wp\/v2\/posts\/2947\/revisions"}],"predecessor-version":[{"id":2966,"href":"https:\/\/blogsaverroes.juntadeandalucia.es\/ceipsantateresalgeciras\/wp-json\/wp\/v2\/posts\/2947\/revisions\/2966"}],"wp:attachment":[{"href":"https:\/\/blogsaverroes.juntadeandalucia.es\/ceipsantateresalgeciras\/wp-json\/wp\/v2\/media?parent=2947"}],"wp:term":[{"taxonomy":"category","embeddable":true,"href":"https:\/\/blogsaverroes.juntadeandalucia.es\/ceipsantateresalgeciras\/wp-json\/wp\/v2\/categories?post=2947"},{"taxonomy":"post_tag","embeddable":true,"href":"https:\/\/blogsaverroes.juntadeandalucia.es\/ceipsantateresalgeciras\/wp-json\/wp\/v2\/tags?post=2947"}],"curies":[{"name":"wp","href":"https:\/\/api.w.org\/{rel}","templated":true}]}}