{"id":2969,"date":"2021-12-01T01:41:02","date_gmt":"2021-12-01T00:41:02","guid":{"rendered":"https:\/\/blogsaverroes.juntadeandalucia.es\/ceipsantateresalgeciras\/?p=2969"},"modified":"2021-12-01T07:34:28","modified_gmt":"2021-12-01T06:34:28","slug":"25n-el-santa-teresa-suena-con-dibujar-un-mundo-nuevo-dejalo-que-baile","status":"publish","type":"post","link":"https:\/\/blogsaverroes.juntadeandalucia.es\/ceipsantateresalgeciras\/25n-el-santa-teresa-suena-con-dibujar-un-mundo-nuevo-dejalo-que-baile\/","title":{"rendered":"25N. El Santa Teresa sue\u00f1a con dibujar un mundo nuevo. \u00a1D\u00e9jalo que baile!"},"content":{"rendered":"<p>El pasado jueves 25, y el viernes 26 de noviembre, con motivo del D\u00eda Internacional de la Eliminaci\u00f3n de la Violencia contra las Mujeres, todo el centro se \u00abenfund\u00f3 \u00bb su traje \u00abmorado\u00bb y, con sus mejores sonrisas, los alumnos y alumnas de todos los niveles quisieron reivindicar el RESPETO y la LIBERTAD hacia todas las personas,&nbsp; como \u00fanico remedio para la lacra social que supone la violencia y, en concreto, la absurda violencia contra las mujeres, por el mero hecho de serlo.<\/p>\n<p><a href=\"https:\/\/youtu.be\/PZ-v3LUVXg4\">https:\/\/youtu.be\/PZ-v3LUVXg4<\/a><\/p>\n<p>La Igualdad de derechos de todas las Personas y la Coeducaci\u00f3n, son valores que deben estar, y est\u00e1n, presentes en todo momento, y m\u00e1s en un centro educativo. Si bien es cierto que, esta semana, se hicieron m\u00e1s palpables algunas actividades enfocadas a ahondar en esta reivindicaci\u00f3n.&nbsp;<\/p>\n<p>En cada ciclo se seleccion\u00f3 y se proyect\u00f3 un v\u00eddeo con el que se reflexion\u00f3 y dialog\u00f3 sobre este tema, dejando claro que todos debemos tener la libertad de elegir qui\u00e9n queremos ser y c\u00f3mo queremos ser&#8230;<\/p>\n<p>&#8211; <strong>Educaci\u00f3n Infantil<\/strong>: <strong>Rosa Caramelo.<\/strong> \u00bfPor qu\u00e9 las elefantitas tienen que ser de color rosa caramelo? \u00bfQu\u00e9 pasa si a una le apetece ser de otro color y hacer otras cosas que le resultan m\u00e1s divertidas?<\/p>\n<p style=\"padding-left: 40px\"><a href=\"https:\/\/youtu.be\/NO3pwZMcV10\">https:\/\/youtu.be\/NO3pwZMcV1<\/a><\/p>\n<p><img loading=\"lazy\" decoding=\"async\" class=\"alignnone size-full wp-image-2971\" src=\"https:\/\/blogsaverroes.juntadeandalucia.es\/ceipsantateresalgeciras\/files\/2021\/12\/Screenshot_20211201-001358_Gallery.jpg\" alt=\"\" width=\"1065\" height=\"626\" srcset=\"https:\/\/blogsaverroes.juntadeandalucia.es\/ceipsantateresalgeciras\/files\/2021\/12\/Screenshot_20211201-001358_Gallery.jpg 1065w, https:\/\/blogsaverroes.juntadeandalucia.es\/ceipsantateresalgeciras\/files\/2021\/12\/Screenshot_20211201-001358_Gallery-300x176.jpg 300w, https:\/\/blogsaverroes.juntadeandalucia.es\/ceipsantateresalgeciras\/files\/2021\/12\/Screenshot_20211201-001358_Gallery-1024x602.jpg 1024w, https:\/\/blogsaverroes.juntadeandalucia.es\/ceipsantateresalgeciras\/files\/2021\/12\/Screenshot_20211201-001358_Gallery-768x451.jpg 768w\" sizes=\"(max-width: 706px) 89vw, (max-width: 767px) 82vw, 740px\" \/><\/p>\n<p><strong>* 1\u00b0 Ciclo: Igualdad y No Discriminaci\u00f3n<\/strong>. Todos y todas podemos opinar y, por supuesto, elegir a qu\u00e9 jugar&#8230; No dejes que nadie decida por ti.<\/p>\n<p><a href=\"https:\/\/youtu.be\/-4o6tQkJdwo\">https:\/\/youtu.be\/-4o6tQkJdwo<\/a><\/p>\n<p><strong><!--more-->2\u00b0 Ciclo: Por Siempre Jam\u00e1s, el cuento de siempre como nunca lo hab\u00edas o\u00eddo. <\/strong>Este corto trata de sensibilizar sobre los estereotipos de g\u00e9nero en los cuentos infantiles. Est\u00e1 inspirado en la historia de Michele Mouton, piloto de Audi y primera mujer en ganar una carrera en el Campeonato Mundial de Rallye.&nbsp;&nbsp;<\/p>\n<p><a href=\"https:\/\/youtu.be\/RfsscCAMKL8\">https:\/\/youtu.be\/RfsscCAMKL8<\/a><\/p>\n<p><strong>* 3\u00b0 Ciclo: \u00bf Qu\u00e9 significa hacer algo como ni\u00f1a?&nbsp;<\/strong>En este v\u00eddeo se analiza esta expresi\u00f3n y las connotaciones negativas que se le suelen dar, lo cual contribuye de forma inconsciente a la baja autoestima de las ni\u00f1as y poca confianza en sus posiblidades. Hagamos que expresiones como \u00e9sta empiecen a significar \u00abganar la carrera\u00bb.&nbsp;<\/p>\n<p><a href=\"https:\/\/youtu.be\/s82iF2ew-yk\">https:\/\/youtu.be\/s82iF2ew-yk<\/a><\/p>\n<p>&nbsp;<\/p>\n<p><img loading=\"lazy\" decoding=\"async\" class=\"alignnone size-full wp-image-2973\" src=\"https:\/\/blogsaverroes.juntadeandalucia.es\/ceipsantateresalgeciras\/files\/2021\/12\/Screenshot_20211201-001328_Gallery.jpg\" alt=\"\" width=\"995\" height=\"791\" srcset=\"https:\/\/blogsaverroes.juntadeandalucia.es\/ceipsantateresalgeciras\/files\/2021\/12\/Screenshot_20211201-001328_Gallery.jpg 995w, https:\/\/blogsaverroes.juntadeandalucia.es\/ceipsantateresalgeciras\/files\/2021\/12\/Screenshot_20211201-001328_Gallery-300x238.jpg 300w, https:\/\/blogsaverroes.juntadeandalucia.es\/ceipsantateresalgeciras\/files\/2021\/12\/Screenshot_20211201-001328_Gallery-768x611.jpg 768w\" sizes=\"(max-width: 706px) 89vw, (max-width: 767px) 82vw, 740px\" \/><\/p>\n<p>Por \u00faltimo, tambi\u00e9n hemos querido colaborar con la Asociaci\u00f3n Victoria Kent, poniendo nuestro granito de arena en el Congreso que se llevar\u00e1 a cabo los pr\u00f3ximos d\u00edas 2 y 3 de diciembre, en la escuela t\u00e9cnica superior (polit\u00e9cnica), sobre Violencia Vicaria. Es importante visualizar el problema, ya que es real y afecta a muchos hogares. Los ni\u00f1os y ni\u00f1as de Primaria han hecho su reflexi\u00f3n y la han plasmado en dibujos que se expondr\u00e1n en dicho congreso. En Infantil cada clase ha elaborado un cartel con aquellas cosas que ayudan a que nuestra casa sea un&nbsp; lugar seguro, donde ni\u00f1@s y adult@s puedan sentirse a gusto y a salvo.&nbsp;&nbsp;<\/p>\n<p><span style=\"font-size: 1rem\">&nbsp;\u00bb La educaci\u00f3n es el arma m\u00e1s poderosa que puedes usar para cambiar el mundo\u00bb, Nelson Mandela.<\/span><\/p>\n<p>&nbsp;<\/p>\n<p style=\"padding-left: 40px\">&nbsp;<\/p>\nngg_shortcode_0_placeholder\n<p>&nbsp;<\/p>\n","protected":false},"excerpt":{"rendered":"<p>El pasado jueves 25, y el viernes 26 de noviembre, con motivo del D\u00eda Internacional de la Eliminaci\u00f3n de la Violencia contra las Mujeres, todo el centro se \u00abenfund\u00f3 \u00bb su traje \u00abmorado\u00bb y, con sus mejores sonrisas, los alumnos y alumnas de todos los niveles quisieron reivindicar el RESPETO y la LIBERTAD hacia todas &hellip; <\/p>\n<p class=\"link-more\"><a href=\"https:\/\/blogsaverroes.juntadeandalucia.es\/ceipsantateresalgeciras\/25n-el-santa-teresa-suena-con-dibujar-un-mundo-nuevo-dejalo-que-baile\/\" class=\"more-link\">Continuar leyendo<span class=\"screen-reader-text\"> \u00ab25N. El Santa Teresa sue\u00f1a con dibujar un mundo nuevo. \u00a1D\u00e9jalo que baile!\u00bb<\/span><\/a><\/p>\n","protected":false},"author":12123,"featured_media":0,"comment_status":"closed","ping_status":"open","sticky":false,"template":"","format":"standard","meta":{"ngg_post_thumbnail":0,"footnotes":""},"categories":[8],"tags":[],"aioseo_notices":[],"_links":{"self":[{"href":"https:\/\/blogsaverroes.juntadeandalucia.es\/ceipsantateresalgeciras\/wp-json\/wp\/v2\/posts\/2969"}],"collection":[{"href":"https:\/\/blogsaverroes.juntadeandalucia.es\/ceipsantateresalgeciras\/wp-json\/wp\/v2\/posts"}],"about":[{"href":"https:\/\/blogsaverroes.juntadeandalucia.es\/ceipsantateresalgeciras\/wp-json\/wp\/v2\/types\/post"}],"author":[{"embeddable":true,"href":"https:\/\/blogsaverroes.juntadeandalucia.es\/ceipsantateresalgeciras\/wp-json\/wp\/v2\/users\/12123"}],"replies":[{"embeddable":true,"href":"https:\/\/blogsaverroes.juntadeandalucia.es\/ceipsantateresalgeciras\/wp-json\/wp\/v2\/comments?post=2969"}],"version-history":[{"count":4,"href":"https:\/\/blogsaverroes.juntadeandalucia.es\/ceipsantateresalgeciras\/wp-json\/wp\/v2\/posts\/2969\/revisions"}],"predecessor-version":[{"id":2976,"href":"https:\/\/blogsaverroes.juntadeandalucia.es\/ceipsantateresalgeciras\/wp-json\/wp\/v2\/posts\/2969\/revisions\/2976"}],"wp:attachment":[{"href":"https:\/\/blogsaverroes.juntadeandalucia.es\/ceipsantateresalgeciras\/wp-json\/wp\/v2\/media?parent=2969"}],"wp:term":[{"taxonomy":"category","embeddable":true,"href":"https:\/\/blogsaverroes.juntadeandalucia.es\/ceipsantateresalgeciras\/wp-json\/wp\/v2\/categories?post=2969"},{"taxonomy":"post_tag","embeddable":true,"href":"https:\/\/blogsaverroes.juntadeandalucia.es\/ceipsantateresalgeciras\/wp-json\/wp\/v2\/tags?post=2969"}],"curies":[{"name":"wp","href":"https:\/\/api.w.org\/{rel}","templated":true}]}}