{"id":3905,"date":"2024-05-12T07:48:38","date_gmt":"2024-05-12T05:48:38","guid":{"rendered":"https:\/\/blogsaverroes.juntadeandalucia.es\/ceipsantateresalgeciras\/?p=3905"},"modified":"2024-05-12T20:45:28","modified_gmt":"2024-05-12T18:45:28","slug":"semana-del-libro-2024","status":"publish","type":"post","link":"https:\/\/blogsaverroes.juntadeandalucia.es\/ceipsantateresalgeciras\/semana-del-libro-2024\/","title":{"rendered":"Semana del Libro 2024"},"content":{"rendered":"<p>La semana del 23 de abril, coincidiendo con la celebraci\u00f3n del D\u00eda del Libro, la biblioteca volvi\u00f3 a llenarse de actividad.&nbsp;<\/p>\n<p>En esta ocasi\u00f3n, la poes\u00eda fue la protagonista de la propuesta para 2\u00b0 y 3\u00b0 ciclo.<\/p>\n<p>Por un lado, l@s alumn@s de 3\u00b0 a 6\u00b0, pudieron disfrutar del RECITAL&nbsp; DE&nbsp; POES\u00cdA&nbsp; ANDALUZA a cargo de los ni\u00f1os y ni\u00f1as de 6\u00b0 de Primaria. En un aut\u00e9ntico patio andaluz, con baile y guitarra, cobraron vida las poes\u00edas de algunos de los poetas m\u00e1s representativos de nuestra tierra, como Antonio Machado, Rafael Alberti o Federico Garc\u00eda Lorca.<\/p>\n<p><img loading=\"lazy\" decoding=\"async\" class=\"alignnone size-full wp-image-3926\" src=\"https:\/\/blogsaverroes.juntadeandalucia.es\/ceipsantateresalgeciras\/files\/2024\/05\/Screenshot_20240504-091123_WhatsApp.jpg\" alt=\"\" width=\"896\" height=\"495\" srcset=\"https:\/\/blogsaverroes.juntadeandalucia.es\/ceipsantateresalgeciras\/files\/2024\/05\/Screenshot_20240504-091123_WhatsApp.jpg 896w, https:\/\/blogsaverroes.juntadeandalucia.es\/ceipsantateresalgeciras\/files\/2024\/05\/Screenshot_20240504-091123_WhatsApp-300x166.jpg 300w, https:\/\/blogsaverroes.juntadeandalucia.es\/ceipsantateresalgeciras\/files\/2024\/05\/Screenshot_20240504-091123_WhatsApp-768x424.jpg 768w\" sizes=\"(max-width: 706px) 89vw, (max-width: 767px) 82vw, 740px\" \/><\/p>\n<p><img loading=\"lazy\" decoding=\"async\" class=\"alignnone size-full wp-image-3972\" src=\"https:\/\/blogsaverroes.juntadeandalucia.es\/ceipsantateresalgeciras\/files\/2024\/05\/Screenshot_20240511-073341_Chrome.jpg\" alt=\"\" width=\"903\" height=\"900\" srcset=\"https:\/\/blogsaverroes.juntadeandalucia.es\/ceipsantateresalgeciras\/files\/2024\/05\/Screenshot_20240511-073341_Chrome.jpg 903w, https:\/\/blogsaverroes.juntadeandalucia.es\/ceipsantateresalgeciras\/files\/2024\/05\/Screenshot_20240511-073341_Chrome-300x300.jpg 300w, https:\/\/blogsaverroes.juntadeandalucia.es\/ceipsantateresalgeciras\/files\/2024\/05\/Screenshot_20240511-073341_Chrome-150x150.jpg 150w, https:\/\/blogsaverroes.juntadeandalucia.es\/ceipsantateresalgeciras\/files\/2024\/05\/Screenshot_20240511-073341_Chrome-768x765.jpg 768w, https:\/\/blogsaverroes.juntadeandalucia.es\/ceipsantateresalgeciras\/files\/2024\/05\/Screenshot_20240511-073341_Chrome-100x100.jpg 100w\" sizes=\"(max-width: 706px) 89vw, (max-width: 767px) 82vw, 740px\" \/><\/p>\n<p><img loading=\"lazy\" decoding=\"async\" class=\"alignnone size-full wp-image-3934\" src=\"https:\/\/blogsaverroes.juntadeandalucia.es\/ceipsantateresalgeciras\/files\/2024\/05\/Screenshot_20240507-064734_FotoCollage-Maker.jpg\" alt=\"\" width=\"1080\" height=\"1071\" srcset=\"https:\/\/blogsaverroes.juntadeandalucia.es\/ceipsantateresalgeciras\/files\/2024\/05\/Screenshot_20240507-064734_FotoCollage-Maker.jpg 1080w, https:\/\/blogsaverroes.juntadeandalucia.es\/ceipsantateresalgeciras\/files\/2024\/05\/Screenshot_20240507-064734_FotoCollage-Maker-300x298.jpg 300w, https:\/\/blogsaverroes.juntadeandalucia.es\/ceipsantateresalgeciras\/files\/2024\/05\/Screenshot_20240507-064734_FotoCollage-Maker-1024x1015.jpg 1024w, https:\/\/blogsaverroes.juntadeandalucia.es\/ceipsantateresalgeciras\/files\/2024\/05\/Screenshot_20240507-064734_FotoCollage-Maker-150x150.jpg 150w, https:\/\/blogsaverroes.juntadeandalucia.es\/ceipsantateresalgeciras\/files\/2024\/05\/Screenshot_20240507-064734_FotoCollage-Maker-768x762.jpg 768w, https:\/\/blogsaverroes.juntadeandalucia.es\/ceipsantateresalgeciras\/files\/2024\/05\/Screenshot_20240507-064734_FotoCollage-Maker-100x100.jpg 100w\" sizes=\"(max-width: 706px) 89vw, (max-width: 767px) 82vw, 740px\" \/><\/p>\n<p><img loading=\"lazy\" decoding=\"async\" class=\"alignnone size-full wp-image-3971\" src=\"https:\/\/blogsaverroes.juntadeandalucia.es\/ceipsantateresalgeciras\/files\/2024\/05\/Screenshot_20240511-073410_Chrome.jpg\" alt=\"\" width=\"915\" height=\"902\" srcset=\"https:\/\/blogsaverroes.juntadeandalucia.es\/ceipsantateresalgeciras\/files\/2024\/05\/Screenshot_20240511-073410_Chrome.jpg 915w, https:\/\/blogsaverroes.juntadeandalucia.es\/ceipsantateresalgeciras\/files\/2024\/05\/Screenshot_20240511-073410_Chrome-300x296.jpg 300w, https:\/\/blogsaverroes.juntadeandalucia.es\/ceipsantateresalgeciras\/files\/2024\/05\/Screenshot_20240511-073410_Chrome-768x757.jpg 768w, https:\/\/blogsaverroes.juntadeandalucia.es\/ceipsantateresalgeciras\/files\/2024\/05\/Screenshot_20240511-073410_Chrome-100x100.jpg 100w\" sizes=\"(max-width: 706px) 89vw, (max-width: 767px) 82vw, 740px\" \/><\/p>\n<p><img loading=\"lazy\" decoding=\"async\" class=\"alignnone size-full wp-image-3939\" src=\"https:\/\/blogsaverroes.juntadeandalucia.es\/ceipsantateresalgeciras\/files\/2024\/05\/Screenshot_20240504-090940_WhatsApp.jpg\" alt=\"\" width=\"1080\" height=\"477\" srcset=\"https:\/\/blogsaverroes.juntadeandalucia.es\/ceipsantateresalgeciras\/files\/2024\/05\/Screenshot_20240504-090940_WhatsApp.jpg 1080w, https:\/\/blogsaverroes.juntadeandalucia.es\/ceipsantateresalgeciras\/files\/2024\/05\/Screenshot_20240504-090940_WhatsApp-300x133.jpg 300w, https:\/\/blogsaverroes.juntadeandalucia.es\/ceipsantateresalgeciras\/files\/2024\/05\/Screenshot_20240504-090940_WhatsApp-1024x452.jpg 1024w, https:\/\/blogsaverroes.juntadeandalucia.es\/ceipsantateresalgeciras\/files\/2024\/05\/Screenshot_20240504-090940_WhatsApp-768x339.jpg 768w\" sizes=\"(max-width: 706px) 89vw, (max-width: 767px) 82vw, 740px\" \/><\/p>\n<p>Paralelamente al recital, tambi\u00e9n se realiz\u00f3 un CONCURSO DE&nbsp; POES\u00cdA&nbsp; donde tuvieron que poner a trabajar su ingenio y creatividad literaria en verso.<\/p>\n<p><img loading=\"lazy\" decoding=\"async\" class=\"alignnone size-full wp-image-3954\" src=\"https:\/\/blogsaverroes.juntadeandalucia.es\/ceipsantateresalgeciras\/files\/2024\/05\/20240510_142655-scaled.jpg\" alt=\"\" width=\"2560\" height=\"1440\" srcset=\"https:\/\/blogsaverroes.juntadeandalucia.es\/ceipsantateresalgeciras\/files\/2024\/05\/20240510_142655-scaled.jpg 2560w, https:\/\/blogsaverroes.juntadeandalucia.es\/ceipsantateresalgeciras\/files\/2024\/05\/20240510_142655-300x169.jpg 300w, https:\/\/blogsaverroes.juntadeandalucia.es\/ceipsantateresalgeciras\/files\/2024\/05\/20240510_142655-1024x576.jpg 1024w, https:\/\/blogsaverroes.juntadeandalucia.es\/ceipsantateresalgeciras\/files\/2024\/05\/20240510_142655-768x432.jpg 768w, https:\/\/blogsaverroes.juntadeandalucia.es\/ceipsantateresalgeciras\/files\/2024\/05\/20240510_142655-1536x864.jpg 1536w, https:\/\/blogsaverroes.juntadeandalucia.es\/ceipsantateresalgeciras\/files\/2024\/05\/20240510_142655-2048x1152.jpg 2048w\" sizes=\"(max-width: 706px) 89vw, (max-width: 767px) 82vw, 740px\" \/><\/p>\n<p>La lectura de los poemas ganadores y la entrega de premios, tuvo lugar el viernes en nuestra querida Biblioteresa.<\/p>\n<p><img loading=\"lazy\" decoding=\"async\" class=\"alignnone size-full wp-image-3953\" src=\"https:\/\/blogsaverroes.juntadeandalucia.es\/ceipsantateresalgeciras\/files\/2024\/05\/Screenshot_20240511-061606_WhatsApp.jpg\" alt=\"\" width=\"1080\" height=\"590\" srcset=\"https:\/\/blogsaverroes.juntadeandalucia.es\/ceipsantateresalgeciras\/files\/2024\/05\/Screenshot_20240511-061606_WhatsApp.jpg 1080w, https:\/\/blogsaverroes.juntadeandalucia.es\/ceipsantateresalgeciras\/files\/2024\/05\/Screenshot_20240511-061606_WhatsApp-300x164.jpg 300w, https:\/\/blogsaverroes.juntadeandalucia.es\/ceipsantateresalgeciras\/files\/2024\/05\/Screenshot_20240511-061606_WhatsApp-1024x559.jpg 1024w, https:\/\/blogsaverroes.juntadeandalucia.es\/ceipsantateresalgeciras\/files\/2024\/05\/Screenshot_20240511-061606_WhatsApp-768x420.jpg 768w\" sizes=\"(max-width: 706px) 89vw, (max-width: 767px) 82vw, 740px\" \/><\/p>\n<p><img loading=\"lazy\" decoding=\"async\" class=\"alignnone size-full wp-image-3941\" src=\"https:\/\/blogsaverroes.juntadeandalucia.es\/ceipsantateresalgeciras\/files\/2024\/05\/Screenshot_20240504-090444_WhatsApp.jpg\" alt=\"\" width=\"983\" height=\"484\" srcset=\"https:\/\/blogsaverroes.juntadeandalucia.es\/ceipsantateresalgeciras\/files\/2024\/05\/Screenshot_20240504-090444_WhatsApp.jpg 983w, https:\/\/blogsaverroes.juntadeandalucia.es\/ceipsantateresalgeciras\/files\/2024\/05\/Screenshot_20240504-090444_WhatsApp-300x148.jpg 300w, https:\/\/blogsaverroes.juntadeandalucia.es\/ceipsantateresalgeciras\/files\/2024\/05\/Screenshot_20240504-090444_WhatsApp-768x378.jpg 768w\" sizes=\"(max-width: 706px) 89vw, (max-width: 767px) 82vw, 740px\" \/> 2\u00b0 Ciclo de Primaria:<\/p>\n<p>&#8211; Elio Almagro Cort\u00e9s (3\u00b0 C), con su poema \u00abLa hermosa ciudad de Algeciras \u00ab.<\/p>\n<p>&#8211; Ainhoa Otero Ricardone (4\u00b0 C), con \u00abMi hermana Luc\u00eda\u00bb:<\/p>\n<p><img loading=\"lazy\" decoding=\"async\" class=\"alignnone size-full wp-image-3952\" src=\"https:\/\/blogsaverroes.juntadeandalucia.es\/ceipsantateresalgeciras\/files\/2024\/05\/Screenshot_20240511-061108_FotoCollage-Maker.jpg\" alt=\"\" width=\"1073\" height=\"1077\" srcset=\"https:\/\/blogsaverroes.juntadeandalucia.es\/ceipsantateresalgeciras\/files\/2024\/05\/Screenshot_20240511-061108_FotoCollage-Maker.jpg 1073w, https:\/\/blogsaverroes.juntadeandalucia.es\/ceipsantateresalgeciras\/files\/2024\/05\/Screenshot_20240511-061108_FotoCollage-Maker-300x300.jpg 300w, https:\/\/blogsaverroes.juntadeandalucia.es\/ceipsantateresalgeciras\/files\/2024\/05\/Screenshot_20240511-061108_FotoCollage-Maker-1020x1024.jpg 1020w, https:\/\/blogsaverroes.juntadeandalucia.es\/ceipsantateresalgeciras\/files\/2024\/05\/Screenshot_20240511-061108_FotoCollage-Maker-150x150.jpg 150w, https:\/\/blogsaverroes.juntadeandalucia.es\/ceipsantateresalgeciras\/files\/2024\/05\/Screenshot_20240511-061108_FotoCollage-Maker-768x771.jpg 768w, https:\/\/blogsaverroes.juntadeandalucia.es\/ceipsantateresalgeciras\/files\/2024\/05\/Screenshot_20240511-061108_FotoCollage-Maker-100x100.jpg 100w\" sizes=\"(max-width: 706px) 89vw, (max-width: 767px) 82vw, 740px\" \/><\/p>\n<p>3\u00b0 Ciclo:<\/p>\n<p>&#8211; Naiara Moreno R\u00edos (5\u00b0 C), con su poes\u00eda \u00abAmigos\u00bb:<\/p>\n<p><img loading=\"lazy\" decoding=\"async\" class=\"alignnone size-full wp-image-3945\" src=\"https:\/\/blogsaverroes.juntadeandalucia.es\/ceipsantateresalgeciras\/files\/2024\/05\/Screenshot_20240508-062948_FotoCollage-Maker.jpg\" alt=\"\" width=\"1054\" height=\"1072\" srcset=\"https:\/\/blogsaverroes.juntadeandalucia.es\/ceipsantateresalgeciras\/files\/2024\/05\/Screenshot_20240508-062948_FotoCollage-Maker.jpg 1054w, https:\/\/blogsaverroes.juntadeandalucia.es\/ceipsantateresalgeciras\/files\/2024\/05\/Screenshot_20240508-062948_FotoCollage-Maker-295x300.jpg 295w, https:\/\/blogsaverroes.juntadeandalucia.es\/ceipsantateresalgeciras\/files\/2024\/05\/Screenshot_20240508-062948_FotoCollage-Maker-1007x1024.jpg 1007w, https:\/\/blogsaverroes.juntadeandalucia.es\/ceipsantateresalgeciras\/files\/2024\/05\/Screenshot_20240508-062948_FotoCollage-Maker-768x781.jpg 768w\" sizes=\"(max-width: 706px) 89vw, (max-width: 767px) 82vw, 740px\" \/><\/p>\n<p>&#8211; Alex Santos Orozco (6\u00b0 A), con \u00abSanta Teresa, mi escuela\u00bb:<\/p>\n<p><img loading=\"lazy\" decoding=\"async\" class=\"alignnone size-full wp-image-3946\" src=\"https:\/\/blogsaverroes.juntadeandalucia.es\/ceipsantateresalgeciras\/files\/2024\/05\/Screenshot_20240504-090424_WhatsApp.jpg\" alt=\"\" width=\"798\" height=\"487\" srcset=\"https:\/\/blogsaverroes.juntadeandalucia.es\/ceipsantateresalgeciras\/files\/2024\/05\/Screenshot_20240504-090424_WhatsApp.jpg 798w, https:\/\/blogsaverroes.juntadeandalucia.es\/ceipsantateresalgeciras\/files\/2024\/05\/Screenshot_20240504-090424_WhatsApp-300x183.jpg 300w, https:\/\/blogsaverroes.juntadeandalucia.es\/ceipsantateresalgeciras\/files\/2024\/05\/Screenshot_20240504-090424_WhatsApp-768x469.jpg 768w\" sizes=\"(max-width: 706px) 89vw, (max-width: 767px) 82vw, 740px\" \/><\/p>\n<p>Premio Extraordinario a M\u00eda Mescua Fern\u00e1ndez y Cecilia Mariscal S\u00e1nchez, de 6\u00b0, por su poema conjunto:&nbsp;<\/p>\n<p><img loading=\"lazy\" decoding=\"async\" class=\"alignnone size-full wp-image-3947\" src=\"https:\/\/blogsaverroes.juntadeandalucia.es\/ceipsantateresalgeciras\/files\/2024\/05\/Screenshot_20240504-090319_WhatsApp.jpg\" alt=\"\" width=\"602\" height=\"471\" srcset=\"https:\/\/blogsaverroes.juntadeandalucia.es\/ceipsantateresalgeciras\/files\/2024\/05\/Screenshot_20240504-090319_WhatsApp.jpg 602w, https:\/\/blogsaverroes.juntadeandalucia.es\/ceipsantateresalgeciras\/files\/2024\/05\/Screenshot_20240504-090319_WhatsApp-300x235.jpg 300w\" sizes=\"(max-width: 602px) 100vw, 602px\" \/><\/p>\n<p>1\u00b0 Ciclo de Primaria e Infantil:<br \/>\nCon la colaboraci\u00f3n especial de Laura&nbsp; G\u00f3mez Allevato (que se meti\u00f3 de lleno en el papel), los m\u00e1s peque\u00f1os del colegio recibieron la visita de \u00abMinimoni\u00bb, la protagonista de muchos de los cuentos de la autora Roc\u00edo Bonilla.<\/p>\n<p><img loading=\"lazy\" decoding=\"async\" class=\"alignnone size-full wp-image-3955\" src=\"https:\/\/blogsaverroes.juntadeandalucia.es\/ceipsantateresalgeciras\/files\/2024\/05\/Screenshot_20240511-062555_WhatsApp.jpg\" alt=\"\" width=\"647\" height=\"479\" srcset=\"https:\/\/blogsaverroes.juntadeandalucia.es\/ceipsantateresalgeciras\/files\/2024\/05\/Screenshot_20240511-062555_WhatsApp.jpg 647w, https:\/\/blogsaverroes.juntadeandalucia.es\/ceipsantateresalgeciras\/files\/2024\/05\/Screenshot_20240511-062555_WhatsApp-300x222.jpg 300w\" sizes=\"(max-width: 647px) 100vw, 647px\" \/><\/p>\n<p>Con ella descubrimos \u00ab\u00bfDe qu\u00e9 color es un beso?\u00bb&#8230;<\/p>\n<p><img loading=\"lazy\" decoding=\"async\" class=\"alignnone size-full wp-image-3956\" src=\"https:\/\/blogsaverroes.juntadeandalucia.es\/ceipsantateresalgeciras\/files\/2024\/05\/Screenshot_20240511-062520_WhatsApp.jpg\" alt=\"\" width=\"1080\" height=\"852\" srcset=\"https:\/\/blogsaverroes.juntadeandalucia.es\/ceipsantateresalgeciras\/files\/2024\/05\/Screenshot_20240511-062520_WhatsApp.jpg 1080w, https:\/\/blogsaverroes.juntadeandalucia.es\/ceipsantateresalgeciras\/files\/2024\/05\/Screenshot_20240511-062520_WhatsApp-300x237.jpg 300w, https:\/\/blogsaverroes.juntadeandalucia.es\/ceipsantateresalgeciras\/files\/2024\/05\/Screenshot_20240511-062520_WhatsApp-1024x808.jpg 1024w, https:\/\/blogsaverroes.juntadeandalucia.es\/ceipsantateresalgeciras\/files\/2024\/05\/Screenshot_20240511-062520_WhatsApp-768x606.jpg 768w\" sizes=\"(max-width: 706px) 89vw, (max-width: 767px) 82vw, 740px\" \/><\/p>\n<p><img loading=\"lazy\" decoding=\"async\" class=\"alignnone size-full wp-image-3962\" src=\"https:\/\/blogsaverroes.juntadeandalucia.es\/ceipsantateresalgeciras\/files\/2024\/05\/Screenshot_20240511-072117_Chrome.jpg\" alt=\"\" width=\"611\" height=\"583\" srcset=\"https:\/\/blogsaverroes.juntadeandalucia.es\/ceipsantateresalgeciras\/files\/2024\/05\/Screenshot_20240511-072117_Chrome.jpg 611w, https:\/\/blogsaverroes.juntadeandalucia.es\/ceipsantateresalgeciras\/files\/2024\/05\/Screenshot_20240511-072117_Chrome-300x286.jpg 300w\" sizes=\"(max-width: 611px) 100vw, 611px\" \/><\/p>\n<p><img loading=\"lazy\" decoding=\"async\" class=\"alignnone size-full wp-image-3959\" src=\"https:\/\/blogsaverroes.juntadeandalucia.es\/ceipsantateresalgeciras\/files\/2024\/05\/Screenshot_20240511-062645_WhatsApp.jpg\" alt=\"\" width=\"927\" height=\"1118\" srcset=\"https:\/\/blogsaverroes.juntadeandalucia.es\/ceipsantateresalgeciras\/files\/2024\/05\/Screenshot_20240511-062645_WhatsApp.jpg 927w, https:\/\/blogsaverroes.juntadeandalucia.es\/ceipsantateresalgeciras\/files\/2024\/05\/Screenshot_20240511-062645_WhatsApp-249x300.jpg 249w, https:\/\/blogsaverroes.juntadeandalucia.es\/ceipsantateresalgeciras\/files\/2024\/05\/Screenshot_20240511-062645_WhatsApp-849x1024.jpg 849w, https:\/\/blogsaverroes.juntadeandalucia.es\/ceipsantateresalgeciras\/files\/2024\/05\/Screenshot_20240511-062645_WhatsApp-768x926.jpg 768w\" sizes=\"(max-width: 706px) 89vw, (max-width: 767px) 82vw, 740px\" \/><\/p>\n<p>El cuento nos encandil\u00f3 y Minimoni nos dej\u00f3 un mont\u00f3n de besos para llenar los pasillos de los que m\u00e1s les gustan a nuestros ni\u00f1os y ni\u00f1as.<\/p>\n<p><img loading=\"lazy\" decoding=\"async\" class=\"alignnone size-full wp-image-3960\" src=\"https:\/\/blogsaverroes.juntadeandalucia.es\/ceipsantateresalgeciras\/files\/2024\/05\/Screenshot_20240511-064800_FotoCollage-Maker.jpg\" alt=\"\" width=\"1080\" height=\"1065\" srcset=\"https:\/\/blogsaverroes.juntadeandalucia.es\/ceipsantateresalgeciras\/files\/2024\/05\/Screenshot_20240511-064800_FotoCollage-Maker.jpg 1080w, https:\/\/blogsaverroes.juntadeandalucia.es\/ceipsantateresalgeciras\/files\/2024\/05\/Screenshot_20240511-064800_FotoCollage-Maker-300x296.jpg 300w, https:\/\/blogsaverroes.juntadeandalucia.es\/ceipsantateresalgeciras\/files\/2024\/05\/Screenshot_20240511-064800_FotoCollage-Maker-1024x1010.jpg 1024w, https:\/\/blogsaverroes.juntadeandalucia.es\/ceipsantateresalgeciras\/files\/2024\/05\/Screenshot_20240511-064800_FotoCollage-Maker-768x757.jpg 768w, https:\/\/blogsaverroes.juntadeandalucia.es\/ceipsantateresalgeciras\/files\/2024\/05\/Screenshot_20240511-064800_FotoCollage-Maker-100x100.jpg 100w\" sizes=\"(max-width: 706px) 89vw, (max-width: 767px) 82vw, 740px\" \/><\/p>\n<p><img loading=\"lazy\" decoding=\"async\" class=\"alignnone size-full wp-image-3970\" src=\"https:\/\/blogsaverroes.juntadeandalucia.es\/ceipsantateresalgeciras\/files\/2024\/05\/Screenshot_20240511-073533_Chrome.jpg\" alt=\"\" width=\"882\" height=\"902\" srcset=\"https:\/\/blogsaverroes.juntadeandalucia.es\/ceipsantateresalgeciras\/files\/2024\/05\/Screenshot_20240511-073533_Chrome.jpg 882w, https:\/\/blogsaverroes.juntadeandalucia.es\/ceipsantateresalgeciras\/files\/2024\/05\/Screenshot_20240511-073533_Chrome-293x300.jpg 293w, https:\/\/blogsaverroes.juntadeandalucia.es\/ceipsantateresalgeciras\/files\/2024\/05\/Screenshot_20240511-073533_Chrome-768x785.jpg 768w\" sizes=\"(max-width: 706px) 89vw, (max-width: 767px) 82vw, 740px\" \/><\/p>\n<p>Aqu\u00ed os dejamos una adaptaci\u00f3n del cuento para que lo pod\u00e1is disfrutar en familia:<\/p>\n<p><iframe loading=\"lazy\" src=\"\/\/www.youtube.com\/embed\/eIH1DtamIhY\" width=\"560\" height=\"314\"><\/iframe><\/p>\n<p>y&#8230;<\/p>\n<p>\u00abcolor\u00edn colorado&#8230;<\/p>\n<p>cuando acabe el cuento,<\/p>\n<p>para un mont\u00f3n de besos<\/p>\n<p>estar\u00e9is preparados\u00bb<\/p>\n<p>Como veis, han sido unos d\u00edas con mucha actividad, pero la \u00faltima y m\u00e1s especial sorpresa lleg\u00f3 de la mano de una maestra del colegio, la tutora de 3\u00b0 y especialista de Ingl\u00e9s, Mari Carmen Quirell Jos\u00e9 nos trajo su libro recientemente publicado \u00abAprender a leer con dislexia\u00bb con las Truquiletras y juegos para descubrir como reconocer, leer y escribir las vocales y las primeras letras, que son la llave al maravilloso mundo de la lectura y los libros&#8230;<\/p>\n<p><img loading=\"lazy\" decoding=\"async\" class=\"alignnone size-full wp-image-3963\" src=\"https:\/\/blogsaverroes.juntadeandalucia.es\/ceipsantateresalgeciras\/files\/2024\/05\/Screenshot_20240511-070655_FotoCollage-Maker.jpg\" alt=\"\" width=\"940\" height=\"942\" srcset=\"https:\/\/blogsaverroes.juntadeandalucia.es\/ceipsantateresalgeciras\/files\/2024\/05\/Screenshot_20240511-070655_FotoCollage-Maker.jpg 940w, https:\/\/blogsaverroes.juntadeandalucia.es\/ceipsantateresalgeciras\/files\/2024\/05\/Screenshot_20240511-070655_FotoCollage-Maker-300x300.jpg 300w, https:\/\/blogsaverroes.juntadeandalucia.es\/ceipsantateresalgeciras\/files\/2024\/05\/Screenshot_20240511-070655_FotoCollage-Maker-150x150.jpg 150w, https:\/\/blogsaverroes.juntadeandalucia.es\/ceipsantateresalgeciras\/files\/2024\/05\/Screenshot_20240511-070655_FotoCollage-Maker-768x770.jpg 768w, https:\/\/blogsaverroes.juntadeandalucia.es\/ceipsantateresalgeciras\/files\/2024\/05\/Screenshot_20240511-070655_FotoCollage-Maker-100x100.jpg 100w\" sizes=\"(max-width: 706px) 89vw, (max-width: 767px) 82vw, 740px\" \/><img loading=\"lazy\" decoding=\"async\" class=\"alignnone size-full wp-image-3964\" src=\"https:\/\/blogsaverroes.juntadeandalucia.es\/ceipsantateresalgeciras\/files\/2024\/05\/Screenshot_20240511-065157_WhatsApp.jpg\" alt=\"\" width=\"1080\" height=\"747\" srcset=\"https:\/\/blogsaverroes.juntadeandalucia.es\/ceipsantateresalgeciras\/files\/2024\/05\/Screenshot_20240511-065157_WhatsApp.jpg 1080w, https:\/\/blogsaverroes.juntadeandalucia.es\/ceipsantateresalgeciras\/files\/2024\/05\/Screenshot_20240511-065157_WhatsApp-300x208.jpg 300w, https:\/\/blogsaverroes.juntadeandalucia.es\/ceipsantateresalgeciras\/files\/2024\/05\/Screenshot_20240511-065157_WhatsApp-1024x708.jpg 1024w, https:\/\/blogsaverroes.juntadeandalucia.es\/ceipsantateresalgeciras\/files\/2024\/05\/Screenshot_20240511-065157_WhatsApp-768x531.jpg 768w\" sizes=\"(max-width: 706px) 89vw, (max-width: 767px) 82vw, 740px\" \/><\/p>\n<p><img loading=\"lazy\" decoding=\"async\" class=\"alignnone size-full wp-image-3969\" src=\"https:\/\/blogsaverroes.juntadeandalucia.es\/ceipsantateresalgeciras\/files\/2024\/05\/Screenshot_20240511-073646_Chrome.jpg\" alt=\"\" width=\"886\" height=\"892\" srcset=\"https:\/\/blogsaverroes.juntadeandalucia.es\/ceipsantateresalgeciras\/files\/2024\/05\/Screenshot_20240511-073646_Chrome.jpg 886w, https:\/\/blogsaverroes.juntadeandalucia.es\/ceipsantateresalgeciras\/files\/2024\/05\/Screenshot_20240511-073646_Chrome-298x300.jpg 298w, https:\/\/blogsaverroes.juntadeandalucia.es\/ceipsantateresalgeciras\/files\/2024\/05\/Screenshot_20240511-073646_Chrome-150x150.jpg 150w, https:\/\/blogsaverroes.juntadeandalucia.es\/ceipsantateresalgeciras\/files\/2024\/05\/Screenshot_20240511-073646_Chrome-768x773.jpg 768w, https:\/\/blogsaverroes.juntadeandalucia.es\/ceipsantateresalgeciras\/files\/2024\/05\/Screenshot_20240511-073646_Chrome-100x100.jpg 100w\" sizes=\"(max-width: 706px) 89vw, (max-width: 767px) 82vw, 740px\" \/><\/p>\n<p><img loading=\"lazy\" decoding=\"async\" class=\"alignnone size-full wp-image-3966\" src=\"https:\/\/blogsaverroes.juntadeandalucia.es\/ceipsantateresalgeciras\/files\/2024\/05\/Screenshot_20240511-071516_FotoCollage-Maker.jpg\" alt=\"\" width=\"905\" height=\"905\" srcset=\"https:\/\/blogsaverroes.juntadeandalucia.es\/ceipsantateresalgeciras\/files\/2024\/05\/Screenshot_20240511-071516_FotoCollage-Maker.jpg 905w, https:\/\/blogsaverroes.juntadeandalucia.es\/ceipsantateresalgeciras\/files\/2024\/05\/Screenshot_20240511-071516_FotoCollage-Maker-300x300.jpg 300w, https:\/\/blogsaverroes.juntadeandalucia.es\/ceipsantateresalgeciras\/files\/2024\/05\/Screenshot_20240511-071516_FotoCollage-Maker-150x150.jpg 150w, https:\/\/blogsaverroes.juntadeandalucia.es\/ceipsantateresalgeciras\/files\/2024\/05\/Screenshot_20240511-071516_FotoCollage-Maker-768x768.jpg 768w, https:\/\/blogsaverroes.juntadeandalucia.es\/ceipsantateresalgeciras\/files\/2024\/05\/Screenshot_20240511-071516_FotoCollage-Maker-100x100.jpg 100w\" sizes=\"(max-width: 706px) 89vw, (max-width: 767px) 82vw, 740px\" \/><\/p>\n<p><img loading=\"lazy\" decoding=\"async\" class=\"alignnone size-full wp-image-3967\" src=\"https:\/\/blogsaverroes.juntadeandalucia.es\/ceipsantateresalgeciras\/files\/2024\/05\/Screenshot_20240511-070150_Gallery.jpg\" alt=\"\" width=\"1063\" height=\"1877\" srcset=\"https:\/\/blogsaverroes.juntadeandalucia.es\/ceipsantateresalgeciras\/files\/2024\/05\/Screenshot_20240511-070150_Gallery.jpg 1063w, https:\/\/blogsaverroes.juntadeandalucia.es\/ceipsantateresalgeciras\/files\/2024\/05\/Screenshot_20240511-070150_Gallery-170x300.jpg 170w, https:\/\/blogsaverroes.juntadeandalucia.es\/ceipsantateresalgeciras\/files\/2024\/05\/Screenshot_20240511-070150_Gallery-580x1024.jpg 580w, https:\/\/blogsaverroes.juntadeandalucia.es\/ceipsantateresalgeciras\/files\/2024\/05\/Screenshot_20240511-070150_Gallery-768x1356.jpg 768w, https:\/\/blogsaverroes.juntadeandalucia.es\/ceipsantateresalgeciras\/files\/2024\/05\/Screenshot_20240511-070150_Gallery-870x1536.jpg 870w\" sizes=\"(max-width: 706px) 89vw, (max-width: 767px) 82vw, 740px\" \/><\/p>\n<p>Los ni\u00f1os y ni\u00f1as de los primeros cursos est\u00e1n descubriendo la magia que se esconde en los libros y la importancia de aprender a leer para poder disfrutarla al m\u00e1ximo, as\u00ed que este tipo de actividades son especialmente relevantes en estas edades y ambas experiencias fueron muy bien acogidas.<\/p>\n<p>A la espera de la siguiente aventura, recordad que en el Tabl\u00f3n de Anuncios de la plataforma PASEN pod\u00e9is manteneros al d\u00eda de las novedades de Biblioteresa.<\/p>\n<p>\u00a1NOS ENCANTA LEER!<\/p>\n<table style=\"border-collapse: collapse;width: 100%;height: 100px\">\n<tbody>\n<tr style=\"height: 48px\">\n<td style=\"width: 33.3333%;height: 48px\">&nbsp;<\/td>\n<td style=\"width: 33.3333%;height: 48px\">&nbsp;<\/td>\n<td style=\"width: 33.3333%;height: 48px\">&nbsp;<\/td>\n<\/tr>\n<tr style=\"height: 26px\">\n<td style=\"width: 33.3333%;height: 26px\">&nbsp;<\/td>\n<td style=\"width: 33.3333%;height: 26px\">&nbsp;<\/td>\n<td style=\"width: 33.3333%;height: 26px\">&nbsp;<\/td>\n<\/tr>\n<tr style=\"height: 26px\">\n<td style=\"width: 33.3333%;height: 26px\">&nbsp;<\/td>\n<td style=\"width: 33.3333%;height: 26px\">&nbsp;<\/td>\n<td style=\"width: 33.3333%;height: 26px\">&nbsp;<\/td>\n<\/tr>\n<\/tbody>\n<\/table>\n<p>&nbsp;<\/p>\n<p>&nbsp;<\/p>\n<p>&nbsp;<\/p>\n","protected":false},"excerpt":{"rendered":"<p>La semana del 23 de abril, coincidiendo con la celebraci\u00f3n del D\u00eda del Libro, la biblioteca volvi\u00f3 a llenarse de actividad.&nbsp; En esta ocasi\u00f3n, la poes\u00eda fue la protagonista de la propuesta para 2\u00b0 y 3\u00b0 ciclo. Por un lado, l@s alumn@s de 3\u00b0 a 6\u00b0, pudieron disfrutar del RECITAL&nbsp; DE&nbsp; POES\u00cdA&nbsp; ANDALUZA a cargo &hellip; <\/p>\n<p class=\"link-more\"><a href=\"https:\/\/blogsaverroes.juntadeandalucia.es\/ceipsantateresalgeciras\/semana-del-libro-2024\/\" class=\"more-link\">Continuar leyendo<span class=\"screen-reader-text\"> \u00abSemana del Libro 2024\u00bb<\/span><\/a><\/p>\n","protected":false},"author":12123,"featured_media":3976,"comment_status":"closed","ping_status":"open","sticky":false,"template":"","format":"standard","meta":{"ngg_post_thumbnail":0,"footnotes":""},"categories":[8],"tags":[],"aioseo_notices":[],"_links":{"self":[{"href":"https:\/\/blogsaverroes.juntadeandalucia.es\/ceipsantateresalgeciras\/wp-json\/wp\/v2\/posts\/3905"}],"collection":[{"href":"https:\/\/blogsaverroes.juntadeandalucia.es\/ceipsantateresalgeciras\/wp-json\/wp\/v2\/posts"}],"about":[{"href":"https:\/\/blogsaverroes.juntadeandalucia.es\/ceipsantateresalgeciras\/wp-json\/wp\/v2\/types\/post"}],"author":[{"embeddable":true,"href":"https:\/\/blogsaverroes.juntadeandalucia.es\/ceipsantateresalgeciras\/wp-json\/wp\/v2\/users\/12123"}],"replies":[{"embeddable":true,"href":"https:\/\/blogsaverroes.juntadeandalucia.es\/ceipsantateresalgeciras\/wp-json\/wp\/v2\/comments?post=3905"}],"version-history":[{"count":14,"href":"https:\/\/blogsaverroes.juntadeandalucia.es\/ceipsantateresalgeciras\/wp-json\/wp\/v2\/posts\/3905\/revisions"}],"predecessor-version":[{"id":3980,"href":"https:\/\/blogsaverroes.juntadeandalucia.es\/ceipsantateresalgeciras\/wp-json\/wp\/v2\/posts\/3905\/revisions\/3980"}],"wp:featuredmedia":[{"embeddable":true,"href":"https:\/\/blogsaverroes.juntadeandalucia.es\/ceipsantateresalgeciras\/wp-json\/wp\/v2\/media\/3976"}],"wp:attachment":[{"href":"https:\/\/blogsaverroes.juntadeandalucia.es\/ceipsantateresalgeciras\/wp-json\/wp\/v2\/media?parent=3905"}],"wp:term":[{"taxonomy":"category","embeddable":true,"href":"https:\/\/blogsaverroes.juntadeandalucia.es\/ceipsantateresalgeciras\/wp-json\/wp\/v2\/categories?post=3905"},{"taxonomy":"post_tag","embeddable":true,"href":"https:\/\/blogsaverroes.juntadeandalucia.es\/ceipsantateresalgeciras\/wp-json\/wp\/v2\/tags?post=3905"}],"curies":[{"name":"wp","href":"https:\/\/api.w.org\/{rel}","templated":true}]}}