{"id":4681,"date":"2025-04-02T09:03:01","date_gmt":"2025-04-02T08:03:01","guid":{"rendered":"https:\/\/blogsaverroes.juntadeandalucia.es\/ceipsantiagolalinea\/?p=4681"},"modified":"2025-04-02T09:03:44","modified_gmt":"2025-04-02T08:03:44","slug":"participacion-de-nuestro-centro-educativo-en-las-jornadas-deportivas-dedicadas-al-baloncesto","status":"publish","type":"post","link":"https:\/\/blogsaverroes.juntadeandalucia.es\/ceipsantiagolalinea\/participacion-de-nuestro-centro-educativo-en-las-jornadas-deportivas-dedicadas-al-baloncesto\/","title":{"rendered":"Participaci\u00f3n de nuestro centro educativo en las \u201cJornadas Deportivas\u201d dedicadas al baloncesto."},"content":{"rendered":"<p><span style=\"font-size: 14pt\">El pasado viernes 28 de marzo alumnos y alumnas de educaci\u00f3n primaria participaron en un encuentro de Jornadas Deportivas dedicadas al baloncesto y organizadas por el Excmo. Ayuntamiento.<\/span><\/p>\n<p><span style=\"font-size: 14pt\">En la misma nuestro colegio disput\u00f3 varios partidos ante diferentes centros educativo con un resultado muy favorable, ya que ganaron cuatro de los cinco partidos jugados.<\/span><\/p>\n<p><span style=\"font-size: 14pt\">La actividad se realiz\u00f3 bajo la coordinaci\u00f3n de la maestra de educaci\u00f3n f\u00edsica de nuestro colegio, la se\u00f1orita Mar\u00eda Jos\u00e9, y ha sido muy bien acogida por el alumnado participante.<\/span><\/p>\n<p><span style=\"font-size: 14pt\">En los pr\u00f3ximos meses antes de finalizar el curso, se espera que se organicen otras jornadas para hacer posible que participen m\u00e1s alumnos y alumnas en esta iniciativa.<\/span><\/p>\n<p style=\"text-align: center\">&nbsp;<img loading=\"lazy\" decoding=\"async\" class=\"alignnone size-medium wp-image-4683\" src=\"https:\/\/blogsaverroes.juntadeandalucia.es\/ceipsantiagolalinea\/files\/2025\/04\/WhatsApp-Image-2025-03-28-at-13.45.13-2-225x300.jpeg\" alt=\"\" width=\"225\" height=\"300\"> <img loading=\"lazy\" decoding=\"async\" class=\"alignnone size-medium wp-image-4684\" src=\"https:\/\/blogsaverroes.juntadeandalucia.es\/ceipsantiagolalinea\/files\/2025\/04\/WhatsApp-Image-2025-03-28-at-13.45.13-1-225x300.jpeg\" alt=\"\" width=\"225\" height=\"300\"> &nbsp;<img loading=\"lazy\" decoding=\"async\" class=\"alignnone size-medium wp-image-4686\" src=\"https:\/\/blogsaverroes.juntadeandalucia.es\/ceipsantiagolalinea\/files\/2025\/04\/WhatsApp-Image-2025-03-28-at-13.45.12-300x225.jpeg\" alt=\"\" width=\"300\" height=\"225\"> <img loading=\"lazy\" decoding=\"async\" class=\"alignnone size-medium wp-image-4687\" src=\"https:\/\/blogsaverroes.juntadeandalucia.es\/ceipsantiagolalinea\/files\/2025\/04\/WhatsApp-Image-2025-03-28-at-13.45.11-300x225.jpeg\" alt=\"\" width=\"300\" height=\"225\"> <img loading=\"lazy\" decoding=\"async\" class=\"alignnone size-medium wp-image-4688\" src=\"https:\/\/blogsaverroes.juntadeandalucia.es\/ceipsantiagolalinea\/files\/2025\/04\/WhatsApp-Image-2025-03-28-at-13.45.10-300x225.jpeg\" alt=\"\" width=\"300\" height=\"225\"> &nbsp;<img loading=\"lazy\" decoding=\"async\" class=\"alignnone size-medium wp-image-4690\" src=\"https:\/\/blogsaverroes.juntadeandalucia.es\/ceipsantiagolalinea\/files\/2025\/04\/WhatsApp-Image-2025-03-28-at-13.44.05-300x225.jpeg\" alt=\"\" width=\"300\" height=\"225\"> <img loading=\"lazy\" decoding=\"async\" class=\"alignnone size-medium wp-image-4691\" src=\"https:\/\/blogsaverroes.juntadeandalucia.es\/ceipsantiagolalinea\/files\/2025\/04\/WhatsApp-Image-2025-03-28-at-13.44.04-300x225.jpeg\" alt=\"\" width=\"300\" height=\"225\"> <img loading=\"lazy\" decoding=\"async\" class=\"alignnone size-medium wp-image-4692\" src=\"https:\/\/blogsaverroes.juntadeandalucia.es\/ceipsantiagolalinea\/files\/2025\/04\/WhatsApp-Image-2025-03-28-at-11.24.22-1-300x225.jpeg\" alt=\"\" width=\"300\" height=\"225\"> <img loading=\"lazy\" decoding=\"async\" class=\"alignnone size-medium wp-image-4693\" src=\"https:\/\/blogsaverroes.juntadeandalucia.es\/ceipsantiagolalinea\/files\/2025\/04\/WhatsApp-Image-2025-03-28-at-11.24.22-300x225.jpeg\" alt=\"\" width=\"300\" height=\"225\">&nbsp;<\/p>\n","protected":false},"excerpt":{"rendered":"<p>El pasado viernes 28 de marzo alumnos y alumnas de educaci\u00f3n primaria participaron en un encuentro de Jornadas Deportivas dedicadas al baloncesto y organizadas por el Excmo. Ayuntamiento. En la misma nuestro colegio disput\u00f3 varios partidos ante diferentes centros educativo con un resultado muy favorable, ya que ganaron cuatro de los cinco partidos jugados. La [&hellip;]<\/p>\n","protected":false},"author":17575,"featured_media":4682,"comment_status":"closed","ping_status":"open","sticky":false,"template":"","format":"standard","meta":{"_et_pb_use_builder":"","_et_pb_old_content":"","_et_gb_content_width":"","ngg_post_thumbnail":0,"footnotes":""},"categories":[3,4],"tags":[],"aioseo_notices":[],"_links":{"self":[{"href":"https:\/\/blogsaverroes.juntadeandalucia.es\/ceipsantiagolalinea\/wp-json\/wp\/v2\/posts\/4681"}],"collection":[{"href":"https:\/\/blogsaverroes.juntadeandalucia.es\/ceipsantiagolalinea\/wp-json\/wp\/v2\/posts"}],"about":[{"href":"https:\/\/blogsaverroes.juntadeandalucia.es\/ceipsantiagolalinea\/wp-json\/wp\/v2\/types\/post"}],"author":[{"embeddable":true,"href":"https:\/\/blogsaverroes.juntadeandalucia.es\/ceipsantiagolalinea\/wp-json\/wp\/v2\/users\/17575"}],"replies":[{"embeddable":true,"href":"https:\/\/blogsaverroes.juntadeandalucia.es\/ceipsantiagolalinea\/wp-json\/wp\/v2\/comments?post=4681"}],"version-history":[{"count":1,"href":"https:\/\/blogsaverroes.juntadeandalucia.es\/ceipsantiagolalinea\/wp-json\/wp\/v2\/posts\/4681\/revisions"}],"predecessor-version":[{"id":4695,"href":"https:\/\/blogsaverroes.juntadeandalucia.es\/ceipsantiagolalinea\/wp-json\/wp\/v2\/posts\/4681\/revisions\/4695"}],"wp:featuredmedia":[{"embeddable":true,"href":"https:\/\/blogsaverroes.juntadeandalucia.es\/ceipsantiagolalinea\/wp-json\/wp\/v2\/media\/4682"}],"wp:attachment":[{"href":"https:\/\/blogsaverroes.juntadeandalucia.es\/ceipsantiagolalinea\/wp-json\/wp\/v2\/media?parent=4681"}],"wp:term":[{"taxonomy":"category","embeddable":true,"href":"https:\/\/blogsaverroes.juntadeandalucia.es\/ceipsantiagolalinea\/wp-json\/wp\/v2\/categories?post=4681"},{"taxonomy":"post_tag","embeddable":true,"href":"https:\/\/blogsaverroes.juntadeandalucia.es\/ceipsantiagolalinea\/wp-json\/wp\/v2\/tags?post=4681"}],"curies":[{"name":"wp","href":"https:\/\/api.w.org\/{rel}","templated":true}]}}