{"id":5620,"date":"2025-09-02T22:15:39","date_gmt":"2025-09-02T21:15:39","guid":{"rendered":"https:\/\/blogsaverroes.juntadeandalucia.es\/ceipsantiagolalinea\/?p=5620"},"modified":"2025-09-09T17:44:18","modified_gmt":"2025-09-09T16:44:18","slug":"nuestro-centro-educativo-se-prepara-para-el-inicio-del-nuevo-curso-escolar","status":"publish","type":"post","link":"https:\/\/blogsaverroes.juntadeandalucia.es\/ceipsantiagolalinea\/nuestro-centro-educativo-se-prepara-para-el-inicio-del-nuevo-curso-escolar\/","title":{"rendered":"Nuestro centro educativo se prepara para el inicio del nuevo curso escolar."},"content":{"rendered":"<p><span style=\"font-size: 12pt\">Durante los meses de verano los servicios de mantenimiento del Ayuntamiento han realizado diferentes actuaciones que han consistido en la reparaci\u00f3n de arqueta del comedor del colegio y posterior colocaci\u00f3n de losas, el pintado de zonas comunes exteriores y aulas, as\u00ed como la reparaci\u00f3n de elementos de carpinter\u00eda met\u00e1lica o desinfecci\u00f3n de insectos en todos los edificios.<\/span><\/p>\n<p><span style=\"font-size: 12pt\">Los trabajos han finalizado con la poda de jardiner\u00eda y parterres que ponen a punto nuestro colegio para el pr\u00f3ximo d\u00eda 10 de septiembre, donde daremos una acogedora bienvenida a todo nuestro alumnado y especialmente a los nuevos alumnos y alumnas de educaci\u00f3n infantil de 3 a\u00f1os.<\/span><\/p>\n<p><span style=\"font-size: 12pt\">Nuestro agradecimiento a todas estas actuaciones a cargo de los servicios municipales con un buen trabajo por parte de todos sus operarios.<\/span><\/p>\n<p style=\"text-align: center\"><img loading=\"lazy\" decoding=\"async\" class=\"alignnone size-medium wp-image-5616\" src=\"https:\/\/blogsaverroes.juntadeandalucia.es\/ceipsantiagolalinea\/files\/2025\/09\/WhatsApp-Image-2025-09-02-at-22.24.14-2-169x300.jpeg\" alt=\"\" width=\"169\" height=\"300\"> <img loading=\"lazy\" decoding=\"async\" class=\"alignnone size-medium wp-image-5619\" src=\"https:\/\/blogsaverroes.juntadeandalucia.es\/ceipsantiagolalinea\/files\/2025\/09\/WhatsApp-Image-2025-09-02-at-22.24.14-1-225x300.jpeg\" alt=\"\" width=\"225\" height=\"300\"> &nbsp;&nbsp;<img loading=\"lazy\" decoding=\"async\" class=\"alignnone size-medium wp-image-5615\" src=\"https:\/\/blogsaverroes.juntadeandalucia.es\/ceipsantiagolalinea\/files\/2025\/09\/WhatsApp-Image-2025-09-02-at-22.24.14-3-169x300.jpeg\" alt=\"\" width=\"169\" height=\"300\"> <img loading=\"lazy\" decoding=\"async\" class=\"alignnone size-medium wp-image-5614\" src=\"https:\/\/blogsaverroes.juntadeandalucia.es\/ceipsantiagolalinea\/files\/2025\/09\/WhatsApp-Image-2025-09-02-at-22.24.14-4-169x300.jpeg\" alt=\"\" width=\"169\" height=\"300\"> <img loading=\"lazy\" decoding=\"async\" class=\"alignnone size-medium wp-image-5613\" src=\"https:\/\/blogsaverroes.juntadeandalucia.es\/ceipsantiagolalinea\/files\/2025\/09\/WhatsApp-Image-2025-09-02-at-22.24.14-5-169x300.jpeg\" alt=\"\" width=\"169\" height=\"300\"> <img loading=\"lazy\" decoding=\"async\" class=\"alignnone size-medium wp-image-5612\" src=\"https:\/\/blogsaverroes.juntadeandalucia.es\/ceipsantiagolalinea\/files\/2025\/09\/WhatsApp-Image-2025-09-02-at-22.24.14-6-169x300.jpeg\" alt=\"\" width=\"169\" height=\"300\">&nbsp;<\/p>\n<p style=\"text-align: center\"><img loading=\"lazy\" decoding=\"async\" class=\"alignnone size-medium wp-image-5618\" src=\"https:\/\/blogsaverroes.juntadeandalucia.es\/ceipsantiagolalinea\/files\/2025\/09\/WhatsApp-Image-2025-09-02-at-22.25.30-300x225.jpeg\" alt=\"\" width=\"300\" height=\"225\"> <img loading=\"lazy\" decoding=\"async\" class=\"alignnone size-medium wp-image-5617\" src=\"https:\/\/blogsaverroes.juntadeandalucia.es\/ceipsantiagolalinea\/files\/2025\/09\/WhatsApp-Image-2025-09-02-at-22.25.30-1-300x225.jpeg\" alt=\"\" width=\"300\" height=\"225\"><\/p>\n<p style=\"text-align: center\"><img loading=\"lazy\" decoding=\"async\" class=\"alignnone size-medium wp-image-5640\" src=\"https:\/\/blogsaverroes.juntadeandalucia.es\/ceipsantiagolalinea\/files\/2025\/09\/WhatsApp-Image-2025-09-09-at-08.58.21-300x169.jpeg\" alt=\"\" width=\"300\" height=\"169\"><\/p>\n","protected":false},"excerpt":{"rendered":"<p>Durante los meses de verano los servicios de mantenimiento del Ayuntamiento han realizado diferentes actuaciones que han consistido en la reparaci\u00f3n de arqueta del comedor del colegio y posterior colocaci\u00f3n de losas, el pintado de zonas comunes exteriores y aulas, as\u00ed como la reparaci\u00f3n de elementos de carpinter\u00eda met\u00e1lica o desinfecci\u00f3n de insectos en todos [&hellip;]<\/p>\n","protected":false},"author":17575,"featured_media":5616,"comment_status":"closed","ping_status":"open","sticky":false,"template":"","format":"standard","meta":{"_et_pb_use_builder":"","_et_pb_old_content":"","_et_gb_content_width":"","ngg_post_thumbnail":0,"footnotes":""},"categories":[3,4],"tags":[],"aioseo_notices":[],"_links":{"self":[{"href":"https:\/\/blogsaverroes.juntadeandalucia.es\/ceipsantiagolalinea\/wp-json\/wp\/v2\/posts\/5620"}],"collection":[{"href":"https:\/\/blogsaverroes.juntadeandalucia.es\/ceipsantiagolalinea\/wp-json\/wp\/v2\/posts"}],"about":[{"href":"https:\/\/blogsaverroes.juntadeandalucia.es\/ceipsantiagolalinea\/wp-json\/wp\/v2\/types\/post"}],"author":[{"embeddable":true,"href":"https:\/\/blogsaverroes.juntadeandalucia.es\/ceipsantiagolalinea\/wp-json\/wp\/v2\/users\/17575"}],"replies":[{"embeddable":true,"href":"https:\/\/blogsaverroes.juntadeandalucia.es\/ceipsantiagolalinea\/wp-json\/wp\/v2\/comments?post=5620"}],"version-history":[{"count":2,"href":"https:\/\/blogsaverroes.juntadeandalucia.es\/ceipsantiagolalinea\/wp-json\/wp\/v2\/posts\/5620\/revisions"}],"predecessor-version":[{"id":5641,"href":"https:\/\/blogsaverroes.juntadeandalucia.es\/ceipsantiagolalinea\/wp-json\/wp\/v2\/posts\/5620\/revisions\/5641"}],"wp:featuredmedia":[{"embeddable":true,"href":"https:\/\/blogsaverroes.juntadeandalucia.es\/ceipsantiagolalinea\/wp-json\/wp\/v2\/media\/5616"}],"wp:attachment":[{"href":"https:\/\/blogsaverroes.juntadeandalucia.es\/ceipsantiagolalinea\/wp-json\/wp\/v2\/media?parent=5620"}],"wp:term":[{"taxonomy":"category","embeddable":true,"href":"https:\/\/blogsaverroes.juntadeandalucia.es\/ceipsantiagolalinea\/wp-json\/wp\/v2\/categories?post=5620"},{"taxonomy":"post_tag","embeddable":true,"href":"https:\/\/blogsaverroes.juntadeandalucia.es\/ceipsantiagolalinea\/wp-json\/wp\/v2\/tags?post=5620"}],"curies":[{"name":"wp","href":"https:\/\/api.w.org\/{rel}","templated":true}]}}