{"id":6255,"date":"2026-01-27T07:55:06","date_gmt":"2026-01-27T06:55:06","guid":{"rendered":"https:\/\/blogsaverroes.juntadeandalucia.es\/ceipsantiagolalinea\/?p=6255"},"modified":"2026-01-27T07:56:47","modified_gmt":"2026-01-27T06:56:47","slug":"la-consejeria-de-salud-lleva-a-cabo-una-charla-sobre-el-consumo-de-azucares-dirigida-a-los-alumnos-de-3o-de-primaria-2","status":"publish","type":"post","link":"https:\/\/blogsaverroes.juntadeandalucia.es\/ceipsantiagolalinea\/la-consejeria-de-salud-lleva-a-cabo-una-charla-sobre-el-consumo-de-azucares-dirigida-a-los-alumnos-de-3o-de-primaria-2\/","title":{"rendered":"La Consejer\u00eda de Salud lleva a cabo una charla sobre el consumo de az\u00facares dirigida a los alumnos de 3\u00ba de primaria."},"content":{"rendered":"<p><span style=\"font-size: 12pt\">La Consejer\u00eda de Salud ha llevado a cabo una nueva actividad a trav\u00e9s del programa de salud que se desarrolla en los centros educativos andaluces.<\/span><\/p>\n<p><span style=\"font-size: 12pt\">Durante la ma\u00f1ana del d\u00eda 26 de enero los alumnos y alumnas de tercero de educaci\u00f3n primaria han recibido una charla para hablar del consumo de az\u00facar en nuestra dieta, llevada a cabo por el enfermero de referencia de nuestro colegio dentro del \u00e1rea sanitaria de \u201cLevante\u201d de nuestro municipio.<\/span><\/p>\n<p><span style=\"font-size: 12pt\">Durante la misma, el alumnado ha analizado la importancia de una dieta equilibrada en el consumo de az\u00facar, as\u00ed como los riesgos que para nuestra salud tiene un consumo elevado de alimentos cargados de az\u00facares.<\/span><\/p>\n<p style=\"text-align: center\"><img loading=\"lazy\" decoding=\"async\" class=\"alignnone size-medium wp-image-6257\" src=\"https:\/\/blogsaverroes.juntadeandalucia.es\/ceipsantiagolalinea\/files\/2026\/01\/WhatsApp-Image-2026-01-26-at-10.17.18-300x225.jpeg\" alt=\"\" width=\"300\" height=\"225\"> <img loading=\"lazy\" decoding=\"async\" class=\"alignnone size-medium wp-image-6258\" src=\"https:\/\/blogsaverroes.juntadeandalucia.es\/ceipsantiagolalinea\/files\/2026\/01\/WhatsApp-Image-2026-01-26-at-10.17.17-1-300x225.jpeg\" alt=\"\" width=\"300\" height=\"225\"> <img loading=\"lazy\" decoding=\"async\" class=\"alignnone size-medium wp-image-6259\" src=\"https:\/\/blogsaverroes.juntadeandalucia.es\/ceipsantiagolalinea\/files\/2026\/01\/WhatsApp-Image-2026-01-26-at-10.17.17-225x300.jpeg\" alt=\"\" width=\"225\" height=\"300\"><\/p>\n","protected":false},"excerpt":{"rendered":"<p>La Consejer\u00eda de Salud ha llevado a cabo una nueva actividad a trav\u00e9s del programa de salud que se desarrolla en los centros educativos andaluces. Durante la ma\u00f1ana del d\u00eda 26 de enero los alumnos y alumnas de tercero de educaci\u00f3n primaria han recibido una charla para hablar del consumo de az\u00facar en nuestra dieta, [&hellip;]<\/p>\n","protected":false},"author":17575,"featured_media":6259,"comment_status":"closed","ping_status":"open","sticky":false,"template":"","format":"standard","meta":{"_et_pb_use_builder":"","_et_pb_old_content":"","_et_gb_content_width":"","ngg_post_thumbnail":0,"footnotes":""},"categories":[3,4],"tags":[],"aioseo_notices":[],"_links":{"self":[{"href":"https:\/\/blogsaverroes.juntadeandalucia.es\/ceipsantiagolalinea\/wp-json\/wp\/v2\/posts\/6255"}],"collection":[{"href":"https:\/\/blogsaverroes.juntadeandalucia.es\/ceipsantiagolalinea\/wp-json\/wp\/v2\/posts"}],"about":[{"href":"https:\/\/blogsaverroes.juntadeandalucia.es\/ceipsantiagolalinea\/wp-json\/wp\/v2\/types\/post"}],"author":[{"embeddable":true,"href":"https:\/\/blogsaverroes.juntadeandalucia.es\/ceipsantiagolalinea\/wp-json\/wp\/v2\/users\/17575"}],"replies":[{"embeddable":true,"href":"https:\/\/blogsaverroes.juntadeandalucia.es\/ceipsantiagolalinea\/wp-json\/wp\/v2\/comments?post=6255"}],"version-history":[{"count":2,"href":"https:\/\/blogsaverroes.juntadeandalucia.es\/ceipsantiagolalinea\/wp-json\/wp\/v2\/posts\/6255\/revisions"}],"predecessor-version":[{"id":6260,"href":"https:\/\/blogsaverroes.juntadeandalucia.es\/ceipsantiagolalinea\/wp-json\/wp\/v2\/posts\/6255\/revisions\/6260"}],"wp:featuredmedia":[{"embeddable":true,"href":"https:\/\/blogsaverroes.juntadeandalucia.es\/ceipsantiagolalinea\/wp-json\/wp\/v2\/media\/6259"}],"wp:attachment":[{"href":"https:\/\/blogsaverroes.juntadeandalucia.es\/ceipsantiagolalinea\/wp-json\/wp\/v2\/media?parent=6255"}],"wp:term":[{"taxonomy":"category","embeddable":true,"href":"https:\/\/blogsaverroes.juntadeandalucia.es\/ceipsantiagolalinea\/wp-json\/wp\/v2\/categories?post=6255"},{"taxonomy":"post_tag","embeddable":true,"href":"https:\/\/blogsaverroes.juntadeandalucia.es\/ceipsantiagolalinea\/wp-json\/wp\/v2\/tags?post=6255"}],"curies":[{"name":"wp","href":"https:\/\/api.w.org\/{rel}","templated":true}]}}