{"id":6261,"date":"2026-01-27T07:49:34","date_gmt":"2026-01-27T06:49:34","guid":{"rendered":"https:\/\/blogsaverroes.juntadeandalucia.es\/ceipsantiagolalinea\/?p=6261"},"modified":"2026-01-27T07:49:34","modified_gmt":"2026-01-27T06:49:34","slug":"el-programa-aldea-inicia-la-colocacion-de-nuevas-plantas-en-el-huerto-escolar-del-colegio","status":"publish","type":"post","link":"https:\/\/blogsaverroes.juntadeandalucia.es\/ceipsantiagolalinea\/el-programa-aldea-inicia-la-colocacion-de-nuevas-plantas-en-el-huerto-escolar-del-colegio\/","title":{"rendered":"El programa Aldea inicia la colocaci\u00f3n de nuevas plantas en el huerto escolar del colegio."},"content":{"rendered":"<p><span style=\"font-size: 14.0pt\">Los alumnos y alumnas de 2\u00ba de educaci\u00f3n primaria han comenzado la colocaci\u00f3n de plantas en diferentes zonas del huerto escolar del centro dentro del programa Aldea que coordina su maestra, la se\u00f1orita Nieves.<\/span><\/p>\n<p><span style=\"font-size: 14.0pt\">Las plantas colocadas han sido regaladas por las familias y se han plantado en este mes de enero para que durante la llegada de la primavera `puedan estar ya agarradas a los distintos parterres de nuestro peque\u00f1o huerto escolar.<\/span><\/p>\n<p><span style=\"font-size: 14.0pt\">En las pr\u00f3ximas semanas se continuar\u00e1 con esta actividad ampliando la zona de plantado y los cursos participantes.<\/span><\/p>\n<p style=\"text-align: center\"><img loading=\"lazy\" decoding=\"async\" class=\"alignnone size-medium wp-image-6262\" src=\"https:\/\/blogsaverroes.juntadeandalucia.es\/ceipsantiagolalinea\/files\/2026\/01\/WhatsApp-Image-2026-01-26-at-11.27.44-3-225x300.jpeg\" alt=\"\" width=\"225\" height=\"300\"> <img loading=\"lazy\" decoding=\"async\" class=\"alignnone size-medium wp-image-6263\" src=\"https:\/\/blogsaverroes.juntadeandalucia.es\/ceipsantiagolalinea\/files\/2026\/01\/WhatsApp-Image-2026-01-26-at-11.27.44-2-225x300.jpeg\" alt=\"\" width=\"225\" height=\"300\"> <img loading=\"lazy\" decoding=\"async\" class=\"alignnone size-medium wp-image-6264\" src=\"https:\/\/blogsaverroes.juntadeandalucia.es\/ceipsantiagolalinea\/files\/2026\/01\/WhatsApp-Image-2026-01-26-at-11.27.44-1-225x300.jpeg\" alt=\"\" width=\"225\" height=\"300\"> <img loading=\"lazy\" decoding=\"async\" class=\"alignnone size-medium wp-image-6265\" src=\"https:\/\/blogsaverroes.juntadeandalucia.es\/ceipsantiagolalinea\/files\/2026\/01\/WhatsApp-Image-2026-01-26-at-11.27.44-225x300.jpeg\" alt=\"\" width=\"225\" height=\"300\"><\/p>\n","protected":false},"excerpt":{"rendered":"<p>Los alumnos y alumnas de 2\u00ba de educaci\u00f3n primaria han comenzado la colocaci\u00f3n de plantas en diferentes zonas del huerto escolar del centro dentro del programa Aldea que coordina su maestra, la se\u00f1orita Nieves. Las plantas colocadas han sido regaladas por las familias y se han plantado en este mes de enero para que durante [&hellip;]<\/p>\n","protected":false},"author":17575,"featured_media":6263,"comment_status":"closed","ping_status":"open","sticky":false,"template":"","format":"standard","meta":{"_et_pb_use_builder":"","_et_pb_old_content":"","_et_gb_content_width":"","ngg_post_thumbnail":0,"footnotes":""},"categories":[3,4],"tags":[],"aioseo_notices":[],"_links":{"self":[{"href":"https:\/\/blogsaverroes.juntadeandalucia.es\/ceipsantiagolalinea\/wp-json\/wp\/v2\/posts\/6261"}],"collection":[{"href":"https:\/\/blogsaverroes.juntadeandalucia.es\/ceipsantiagolalinea\/wp-json\/wp\/v2\/posts"}],"about":[{"href":"https:\/\/blogsaverroes.juntadeandalucia.es\/ceipsantiagolalinea\/wp-json\/wp\/v2\/types\/post"}],"author":[{"embeddable":true,"href":"https:\/\/blogsaverroes.juntadeandalucia.es\/ceipsantiagolalinea\/wp-json\/wp\/v2\/users\/17575"}],"replies":[{"embeddable":true,"href":"https:\/\/blogsaverroes.juntadeandalucia.es\/ceipsantiagolalinea\/wp-json\/wp\/v2\/comments?post=6261"}],"version-history":[{"count":3,"href":"https:\/\/blogsaverroes.juntadeandalucia.es\/ceipsantiagolalinea\/wp-json\/wp\/v2\/posts\/6261\/revisions"}],"predecessor-version":[{"id":6282,"href":"https:\/\/blogsaverroes.juntadeandalucia.es\/ceipsantiagolalinea\/wp-json\/wp\/v2\/posts\/6261\/revisions\/6282"}],"wp:featuredmedia":[{"embeddable":true,"href":"https:\/\/blogsaverroes.juntadeandalucia.es\/ceipsantiagolalinea\/wp-json\/wp\/v2\/media\/6263"}],"wp:attachment":[{"href":"https:\/\/blogsaverroes.juntadeandalucia.es\/ceipsantiagolalinea\/wp-json\/wp\/v2\/media?parent=6261"}],"wp:term":[{"taxonomy":"category","embeddable":true,"href":"https:\/\/blogsaverroes.juntadeandalucia.es\/ceipsantiagolalinea\/wp-json\/wp\/v2\/categories?post=6261"},{"taxonomy":"post_tag","embeddable":true,"href":"https:\/\/blogsaverroes.juntadeandalucia.es\/ceipsantiagolalinea\/wp-json\/wp\/v2\/tags?post=6261"}],"curies":[{"name":"wp","href":"https:\/\/api.w.org\/{rel}","templated":true}]}}