{"id":6486,"date":"2026-03-08T20:33:31","date_gmt":"2026-03-08T19:33:31","guid":{"rendered":"https:\/\/blogsaverroes.juntadeandalucia.es\/ceipsantiagolalinea\/?p=6486"},"modified":"2026-03-08T20:39:55","modified_gmt":"2026-03-08T19:39:55","slug":"la-fuerza-de-la-mujer-representada-en-un-telar-para-conmemorar-el-dia-internacional-de-la-mujer","status":"publish","type":"post","link":"https:\/\/blogsaverroes.juntadeandalucia.es\/ceipsantiagolalinea\/la-fuerza-de-la-mujer-representada-en-un-telar-para-conmemorar-el-dia-internacional-de-la-mujer\/","title":{"rendered":"La fuerza de la mujer representada en un telar para conmemorar el D\u00eda Internacional de la Mujer."},"content":{"rendered":"<p><span style=\"font-size: 14pt\">Nuestro centro educativo ha celebrado el D\u00eda Internacional de la Mujer a trav\u00e9s de una actividad que ha abordado la igualdad desde la educaci\u00f3n emocional y art\u00edstica, evitando enfoques abstractos y no adecuado a esta celebraci\u00f3n.<\/span><\/p>\n<p><span style=\"font-size: 14pt\">La actividad ha pretendido favorecer la participaci\u00f3n de todo el centro educativo en una creaci\u00f3n com\u00fan, reforzando el sentimiento de pertenencia y la entidad colectiva.<\/span><\/p>\n<p><span style=\"font-size: 14pt\">El producto final obtenido ha sido un telar colectivo que se ha expuesto en la entrada de nuestro colegio, que pretende representar la fuerza de las mujeres cuando est\u00e1n unidas. Para ello, se han utilizado muchos s\u00edmbolos como la red, que simboliza la sociedad, la lana los v\u00ednculos que nos conectan y la tela las historias y luchas compartidas. En este trabajo tambi\u00e9n aparecen muchos huecos vac\u00edos, donde se quiere destacar que a\u00fan hay mucho trabajo por hacer, en una igualdad a\u00fan en construcci\u00f3n.<\/span><\/p>\n<p><span style=\"font-size: 14pt\">Todo este trabajo ha sido posible a la colaboraci\u00f3n del alumnado, el profesorado del centro y la coordinaci\u00f3n del maestro Neme que actualmente coordina el Plan de Igualdad de Hombres y Mujeres de nuestro colegio.<\/span><\/p>\n<p style=\"text-align: center\"><img loading=\"lazy\" decoding=\"async\" class=\"alignnone size-medium wp-image-6490\" src=\"https:\/\/blogsaverroes.juntadeandalucia.es\/ceipsantiagolalinea\/files\/2026\/03\/WhatsApp-Image-2026-03-08-at-11.11.14-1-225x300.jpeg\" alt=\"\" width=\"225\" height=\"300\"> <img loading=\"lazy\" decoding=\"async\" class=\"alignnone size-medium wp-image-6491\" src=\"https:\/\/blogsaverroes.juntadeandalucia.es\/ceipsantiagolalinea\/files\/2026\/03\/WhatsApp-Image-2026-03-08-at-11.11.14-225x300.jpeg\" alt=\"\" width=\"225\" height=\"300\"> <img loading=\"lazy\" decoding=\"async\" class=\"alignnone size-medium wp-image-6492\" src=\"https:\/\/blogsaverroes.juntadeandalucia.es\/ceipsantiagolalinea\/files\/2026\/03\/WhatsApp-Image-2026-03-08-at-11.11.12-225x300.jpeg\" alt=\"\" width=\"225\" height=\"300\">&nbsp;<\/p>\n","protected":false},"excerpt":{"rendered":"<p>Nuestro centro educativo ha celebrado el D\u00eda Internacional de la Mujer a trav\u00e9s de una actividad que ha abordado la igualdad desde la educaci\u00f3n emocional y art\u00edstica, evitando enfoques abstractos y no adecuado a esta celebraci\u00f3n. La actividad ha pretendido favorecer la participaci\u00f3n de todo el centro educativo en una creaci\u00f3n com\u00fan, reforzando el sentimiento [&hellip;]<\/p>\n","protected":false},"author":17575,"featured_media":6492,"comment_status":"closed","ping_status":"open","sticky":false,"template":"","format":"standard","meta":{"_et_pb_use_builder":"","_et_pb_old_content":"","_et_gb_content_width":"","ngg_post_thumbnail":0,"footnotes":""},"categories":[3,4],"tags":[],"aioseo_notices":[],"_links":{"self":[{"href":"https:\/\/blogsaverroes.juntadeandalucia.es\/ceipsantiagolalinea\/wp-json\/wp\/v2\/posts\/6486"}],"collection":[{"href":"https:\/\/blogsaverroes.juntadeandalucia.es\/ceipsantiagolalinea\/wp-json\/wp\/v2\/posts"}],"about":[{"href":"https:\/\/blogsaverroes.juntadeandalucia.es\/ceipsantiagolalinea\/wp-json\/wp\/v2\/types\/post"}],"author":[{"embeddable":true,"href":"https:\/\/blogsaverroes.juntadeandalucia.es\/ceipsantiagolalinea\/wp-json\/wp\/v2\/users\/17575"}],"replies":[{"embeddable":true,"href":"https:\/\/blogsaverroes.juntadeandalucia.es\/ceipsantiagolalinea\/wp-json\/wp\/v2\/comments?post=6486"}],"version-history":[{"count":1,"href":"https:\/\/blogsaverroes.juntadeandalucia.es\/ceipsantiagolalinea\/wp-json\/wp\/v2\/posts\/6486\/revisions"}],"predecessor-version":[{"id":6494,"href":"https:\/\/blogsaverroes.juntadeandalucia.es\/ceipsantiagolalinea\/wp-json\/wp\/v2\/posts\/6486\/revisions\/6494"}],"wp:featuredmedia":[{"embeddable":true,"href":"https:\/\/blogsaverroes.juntadeandalucia.es\/ceipsantiagolalinea\/wp-json\/wp\/v2\/media\/6492"}],"wp:attachment":[{"href":"https:\/\/blogsaverroes.juntadeandalucia.es\/ceipsantiagolalinea\/wp-json\/wp\/v2\/media?parent=6486"}],"wp:term":[{"taxonomy":"category","embeddable":true,"href":"https:\/\/blogsaverroes.juntadeandalucia.es\/ceipsantiagolalinea\/wp-json\/wp\/v2\/categories?post=6486"},{"taxonomy":"post_tag","embeddable":true,"href":"https:\/\/blogsaverroes.juntadeandalucia.es\/ceipsantiagolalinea\/wp-json\/wp\/v2\/tags?post=6486"}],"curies":[{"name":"wp","href":"https:\/\/api.w.org\/{rel}","templated":true}]}}