{"id":6495,"date":"2026-03-15T09:31:01","date_gmt":"2026-03-15T08:31:01","guid":{"rendered":"https:\/\/blogsaverroes.juntadeandalucia.es\/ceipsantiagolalinea\/?p=6495"},"modified":"2026-03-15T09:31:01","modified_gmt":"2026-03-15T08:31:01","slug":"14-de-marzo-dia-de-las-altas-capacidades-una-celebracion-imprescindible","status":"publish","type":"post","link":"https:\/\/blogsaverroes.juntadeandalucia.es\/ceipsantiagolalinea\/14-de-marzo-dia-de-las-altas-capacidades-una-celebracion-imprescindible\/","title":{"rendered":"14 de marzo: &#8220;D\u00eda de las Altas Capacidades&#8221;, una celebraci\u00f3n imprescindible."},"content":{"rendered":"<p>Esta semana del mes de marzo, con motivo del D\u00eda de las Altas Capacidades Intelectuales, hemos realizado varias actividades para reflexionar sobre algo muy importante: todas las personas tenemos capacidades y talentos \u00fanicos.<br \/>\nEn Infantil, durante la asamblea, abrimos una caja misteriosa. Uno a uno fuimos mirando dentro para descubrir qu\u00e9 hab\u00eda\u2026La sorpresa fue que dentro no hab\u00eda un juguete ni un tesoro, sino un espejo. Cada uno y una de nosotros y noostras se vio a s\u00ed mismo y entendi\u00f3 que el verdadero tesoro son nuestras propias capacidades.<br \/>\nHablamos de todo lo que somos capaces de hacer y recibimos una pegatina como s\u00edmbolo de nuestras capacidades.<br \/>\nEn Primaria, continuamos reflexionando sobre nuestros talentos. Cada alumno y alumna escribi\u00f3 una de sus capacidades: algo que se le da bien, que disfruta o que ha aprendido con esfuerzo. Despu\u00e9s las pegamos en un mural con un mensaje muy especial:<br \/>\n\u201cTodos y todasas somos buenos y buenas en algo y juntos\/as somos mejores.\u201d \u2b50<br \/>\nM\u00e1s tarde, le\u00edmos las capacidades de compa\u00f1erxs de otros cursos y buscamos aquellas con las que tambi\u00e9n nos sentimos identificados. Cuando encontr\u00e1bamos una que coincid\u00eda con nosotros, coloc\u00e1bamos una estrella.<br \/>\nAs\u00ed descubrimos algo muy bonito:aunque cada persona tiene talentos diferentes, muchas de nuestras capacidades nos conectan con los dem\u00e1s.<br \/>\nPorque descubrir qui\u00e9nes somos y de lo que somos capaces\u2026 tambi\u00e9n es aprender \u2764\ufe0f<\/p>\n<p style=\"text-align: center\"><img loading=\"lazy\" decoding=\"async\" class=\"alignnone size-medium wp-image-6496\" src=\"https:\/\/blogsaverroes.juntadeandalucia.es\/ceipsantiagolalinea\/files\/2026\/03\/WhatsApp-Image-2026-03-13-at-10.17.15-4-225x300.jpeg\" alt=\"\" width=\"225\" height=\"300\"> <img loading=\"lazy\" decoding=\"async\" class=\"alignnone size-medium wp-image-6497\" src=\"https:\/\/blogsaverroes.juntadeandalucia.es\/ceipsantiagolalinea\/files\/2026\/03\/WhatsApp-Image-2026-03-13-at-10.17.15-3-225x300.jpeg\" alt=\"\" width=\"225\" height=\"300\"> <img loading=\"lazy\" decoding=\"async\" class=\"alignnone size-medium wp-image-6498\" src=\"https:\/\/blogsaverroes.juntadeandalucia.es\/ceipsantiagolalinea\/files\/2026\/03\/WhatsApp-Image-2026-03-13-at-10.17.15-2-225x300.jpeg\" alt=\"\" width=\"225\" height=\"300\"> <img loading=\"lazy\" decoding=\"async\" class=\"alignnone size-medium wp-image-6499\" src=\"https:\/\/blogsaverroes.juntadeandalucia.es\/ceipsantiagolalinea\/files\/2026\/03\/WhatsApp-Image-2026-03-13-at-10.17.15-1-225x300.jpeg\" alt=\"\" width=\"225\" height=\"300\"> <img loading=\"lazy\" decoding=\"async\" class=\"alignnone size-medium wp-image-6500\" src=\"https:\/\/blogsaverroes.juntadeandalucia.es\/ceipsantiagolalinea\/files\/2026\/03\/WhatsApp-Image-2026-03-13-at-10.17.15-225x300.jpeg\" alt=\"\" width=\"225\" height=\"300\"> <img loading=\"lazy\" decoding=\"async\" class=\"alignnone size-medium wp-image-6501\" src=\"https:\/\/blogsaverroes.juntadeandalucia.es\/ceipsantiagolalinea\/files\/2026\/03\/WhatsApp-Image-2026-03-13-at-10.17.16-2-300x226.jpeg\" alt=\"\" width=\"300\" height=\"226\"> <img loading=\"lazy\" decoding=\"async\" class=\"alignnone size-medium wp-image-6502\" src=\"https:\/\/blogsaverroes.juntadeandalucia.es\/ceipsantiagolalinea\/files\/2026\/03\/WhatsApp-Image-2026-03-13-at-10.17.16-1-225x300.jpeg\" alt=\"\" width=\"225\" height=\"300\"> <img loading=\"lazy\" decoding=\"async\" class=\"alignnone size-medium wp-image-6503\" src=\"https:\/\/blogsaverroes.juntadeandalucia.es\/ceipsantiagolalinea\/files\/2026\/03\/WhatsApp-Image-2026-03-13-at-10.17.16-225x300.jpeg\" alt=\"\" width=\"225\" height=\"300\"> <img loading=\"lazy\" decoding=\"async\" class=\"alignnone size-medium wp-image-6504\" src=\"https:\/\/blogsaverroes.juntadeandalucia.es\/ceipsantiagolalinea\/files\/2026\/03\/WhatsApp-Image-2026-03-13-at-10.17.17-2-300x226.jpeg\" alt=\"\" width=\"300\" height=\"226\"> <img loading=\"lazy\" decoding=\"async\" class=\"alignnone size-medium wp-image-6505\" src=\"https:\/\/blogsaverroes.juntadeandalucia.es\/ceipsantiagolalinea\/files\/2026\/03\/WhatsApp-Image-2026-03-13-at-10.17.17-1-225x300.jpeg\" alt=\"\" width=\"225\" height=\"300\"> <img loading=\"lazy\" decoding=\"async\" class=\"alignnone size-medium wp-image-6506\" src=\"https:\/\/blogsaverroes.juntadeandalucia.es\/ceipsantiagolalinea\/files\/2026\/03\/WhatsApp-Image-2026-03-13-at-10.17.17-300x225.jpeg\" alt=\"\" width=\"300\" height=\"225\"> <img loading=\"lazy\" decoding=\"async\" class=\"alignnone size-medium wp-image-6507\" src=\"https:\/\/blogsaverroes.juntadeandalucia.es\/ceipsantiagolalinea\/files\/2026\/03\/WhatsApp-Image-2026-03-13-at-10.17.18-5-300x226.jpeg\" alt=\"\" width=\"300\" height=\"226\"> <img loading=\"lazy\" decoding=\"async\" class=\"alignnone size-medium wp-image-6508\" src=\"https:\/\/blogsaverroes.juntadeandalucia.es\/ceipsantiagolalinea\/files\/2026\/03\/WhatsApp-Image-2026-03-13-at-10.17.18-4-225x300.jpeg\" alt=\"\" width=\"225\" height=\"300\"> &nbsp;<img loading=\"lazy\" decoding=\"async\" class=\"alignnone size-medium wp-image-6510\" src=\"https:\/\/blogsaverroes.juntadeandalucia.es\/ceipsantiagolalinea\/files\/2026\/03\/WhatsApp-Image-2026-03-13-at-10.17.18-2-225x300.jpeg\" alt=\"\" width=\"225\" height=\"300\"> <img loading=\"lazy\" decoding=\"async\" class=\"alignnone size-medium wp-image-6511\" src=\"https:\/\/blogsaverroes.juntadeandalucia.es\/ceipsantiagolalinea\/files\/2026\/03\/WhatsApp-Image-2026-03-13-at-10.17.18-1-300x226.jpeg\" alt=\"\" width=\"300\" height=\"226\"> <img loading=\"lazy\" decoding=\"async\" class=\"alignnone size-medium wp-image-6512\" src=\"https:\/\/blogsaverroes.juntadeandalucia.es\/ceipsantiagolalinea\/files\/2026\/03\/WhatsApp-Image-2026-03-13-at-10.17.18-300x226.jpeg\" alt=\"\" width=\"300\" height=\"226\"><\/p>\n","protected":false},"excerpt":{"rendered":"<p>Esta semana del mes de marzo, con motivo del D\u00eda de las Altas Capacidades Intelectuales, hemos realizado varias actividades para reflexionar sobre algo muy importante: todas las personas tenemos capacidades y talentos \u00fanicos. En Infantil, durante la asamblea, abrimos una caja misteriosa. Uno a uno fuimos mirando dentro para descubrir qu\u00e9 hab\u00eda\u2026La sorpresa fue que [&hellip;]<\/p>\n","protected":false},"author":17575,"featured_media":6509,"comment_status":"closed","ping_status":"open","sticky":false,"template":"","format":"standard","meta":{"_et_pb_use_builder":"","_et_pb_old_content":"","_et_gb_content_width":"","ngg_post_thumbnail":0,"footnotes":""},"categories":[3,4],"tags":[],"aioseo_notices":[],"_links":{"self":[{"href":"https:\/\/blogsaverroes.juntadeandalucia.es\/ceipsantiagolalinea\/wp-json\/wp\/v2\/posts\/6495"}],"collection":[{"href":"https:\/\/blogsaverroes.juntadeandalucia.es\/ceipsantiagolalinea\/wp-json\/wp\/v2\/posts"}],"about":[{"href":"https:\/\/blogsaverroes.juntadeandalucia.es\/ceipsantiagolalinea\/wp-json\/wp\/v2\/types\/post"}],"author":[{"embeddable":true,"href":"https:\/\/blogsaverroes.juntadeandalucia.es\/ceipsantiagolalinea\/wp-json\/wp\/v2\/users\/17575"}],"replies":[{"embeddable":true,"href":"https:\/\/blogsaverroes.juntadeandalucia.es\/ceipsantiagolalinea\/wp-json\/wp\/v2\/comments?post=6495"}],"version-history":[{"count":1,"href":"https:\/\/blogsaverroes.juntadeandalucia.es\/ceipsantiagolalinea\/wp-json\/wp\/v2\/posts\/6495\/revisions"}],"predecessor-version":[{"id":6513,"href":"https:\/\/blogsaverroes.juntadeandalucia.es\/ceipsantiagolalinea\/wp-json\/wp\/v2\/posts\/6495\/revisions\/6513"}],"wp:featuredmedia":[{"embeddable":true,"href":"https:\/\/blogsaverroes.juntadeandalucia.es\/ceipsantiagolalinea\/wp-json\/wp\/v2\/media\/6509"}],"wp:attachment":[{"href":"https:\/\/blogsaverroes.juntadeandalucia.es\/ceipsantiagolalinea\/wp-json\/wp\/v2\/media?parent=6495"}],"wp:term":[{"taxonomy":"category","embeddable":true,"href":"https:\/\/blogsaverroes.juntadeandalucia.es\/ceipsantiagolalinea\/wp-json\/wp\/v2\/categories?post=6495"},{"taxonomy":"post_tag","embeddable":true,"href":"https:\/\/blogsaverroes.juntadeandalucia.es\/ceipsantiagolalinea\/wp-json\/wp\/v2\/tags?post=6495"}],"curies":[{"name":"wp","href":"https:\/\/api.w.org\/{rel}","templated":true}]}}