{"id":6520,"date":"2026-03-22T14:37:59","date_gmt":"2026-03-22T13:37:59","guid":{"rendered":"https:\/\/blogsaverroes.juntadeandalucia.es\/ceipsantiagolalinea\/?p=6520"},"modified":"2026-03-22T14:41:13","modified_gmt":"2026-03-22T13:41:13","slug":"nuestro-alumnado-reivindica-la-diferencia-con-actividades-del-dia-del-sindorm-de-down","status":"publish","type":"post","link":"https:\/\/blogsaverroes.juntadeandalucia.es\/ceipsantiagolalinea\/nuestro-alumnado-reivindica-la-diferencia-con-actividades-del-dia-del-sindorm-de-down\/","title":{"rendered":"Nuestro alumnado reivindica la diferencia con actividades del D\u00eda del S\u00edndorm de Down."},"content":{"rendered":"<p><span style=\"font-size: 12pt\">El alumnado de nuestro colegio ha participado con mucha ilusi\u00f3n en una actividad a nivel de centro con motivo del D\u00eda Mundial del S\u00edndorme de Down que se celebra el d\u00eda 21 de marzo. Para ello, ha llevado calcetines desparejados en un peque\u00f1o gesto que simboliza la diversidad y lo bonito de ser diferentes.<\/span><\/p>\n<p><span style=\"font-size: 12pt\">Adem\u00e1s en Educaci\u00f3n Infantil, se ha le\u00eddo el cuento \u201cLas preguntas de Delfina\u201d, que les ha ayudado a reflexionar sobre la importancia de la inclusi\u00f3n y el respeto. Por oytra parte se ha realizado una divertida din\u00e1mica de emparejar calcetines, fomentando el trabajo en equipo y la empat\u00eda.<\/span><\/p>\n<p><span style=\"font-size: 12pt\">Con estas iniciativas se queire seguir creciendo todos juntos y juntas, porque en lo diferente est\u00e1 lo bonito.<\/span><\/p>\n<p style=\"text-align: center\"><img loading=\"lazy\" decoding=\"async\" class=\"alignnone size-medium wp-image-6533\" src=\"https:\/\/blogsaverroes.juntadeandalucia.es\/ceipsantiagolalinea\/files\/2026\/03\/WhatsApp-Image-2026-03-21-at-11.07.58-240x300.jpeg\" alt=\"\" width=\"240\" height=\"300\"> <img loading=\"lazy\" decoding=\"async\" class=\"alignnone size-medium wp-image-6539\" src=\"https:\/\/blogsaverroes.juntadeandalucia.es\/ceipsantiagolalinea\/files\/2026\/03\/WhatsApp-Image-2026-03-17-at-13.48.31-225x300.jpeg\" alt=\"\" width=\"225\" height=\"300\">&nbsp;<\/p>\n","protected":false},"excerpt":{"rendered":"<p>El alumnado de nuestro colegio ha participado con mucha ilusi\u00f3n en una actividad a nivel de centro con motivo del D\u00eda Mundial del S\u00edndorme de Down que se celebra el d\u00eda 21 de marzo. Para ello, ha llevado calcetines desparejados en un peque\u00f1o gesto que simboliza la diversidad y lo bonito de ser diferentes. Adem\u00e1s [&hellip;]<\/p>\n","protected":false},"author":17575,"featured_media":6540,"comment_status":"closed","ping_status":"open","sticky":false,"template":"","format":"standard","meta":{"_et_pb_use_builder":"","_et_pb_old_content":"","_et_gb_content_width":"","ngg_post_thumbnail":0,"footnotes":""},"categories":[3,4],"tags":[],"aioseo_notices":[],"_links":{"self":[{"href":"https:\/\/blogsaverroes.juntadeandalucia.es\/ceipsantiagolalinea\/wp-json\/wp\/v2\/posts\/6520"}],"collection":[{"href":"https:\/\/blogsaverroes.juntadeandalucia.es\/ceipsantiagolalinea\/wp-json\/wp\/v2\/posts"}],"about":[{"href":"https:\/\/blogsaverroes.juntadeandalucia.es\/ceipsantiagolalinea\/wp-json\/wp\/v2\/types\/post"}],"author":[{"embeddable":true,"href":"https:\/\/blogsaverroes.juntadeandalucia.es\/ceipsantiagolalinea\/wp-json\/wp\/v2\/users\/17575"}],"replies":[{"embeddable":true,"href":"https:\/\/blogsaverroes.juntadeandalucia.es\/ceipsantiagolalinea\/wp-json\/wp\/v2\/comments?post=6520"}],"version-history":[{"count":2,"href":"https:\/\/blogsaverroes.juntadeandalucia.es\/ceipsantiagolalinea\/wp-json\/wp\/v2\/posts\/6520\/revisions"}],"predecessor-version":[{"id":6542,"href":"https:\/\/blogsaverroes.juntadeandalucia.es\/ceipsantiagolalinea\/wp-json\/wp\/v2\/posts\/6520\/revisions\/6542"}],"wp:featuredmedia":[{"embeddable":true,"href":"https:\/\/blogsaverroes.juntadeandalucia.es\/ceipsantiagolalinea\/wp-json\/wp\/v2\/media\/6540"}],"wp:attachment":[{"href":"https:\/\/blogsaverroes.juntadeandalucia.es\/ceipsantiagolalinea\/wp-json\/wp\/v2\/media?parent=6520"}],"wp:term":[{"taxonomy":"category","embeddable":true,"href":"https:\/\/blogsaverroes.juntadeandalucia.es\/ceipsantiagolalinea\/wp-json\/wp\/v2\/categories?post=6520"},{"taxonomy":"post_tag","embeddable":true,"href":"https:\/\/blogsaverroes.juntadeandalucia.es\/ceipsantiagolalinea\/wp-json\/wp\/v2\/tags?post=6520"}],"curies":[{"name":"wp","href":"https:\/\/api.w.org\/{rel}","templated":true}]}}