{"id":6543,"date":"2026-03-22T14:45:28","date_gmt":"2026-03-22T13:45:28","guid":{"rendered":"https:\/\/blogsaverroes.juntadeandalucia.es\/ceipsantiagolalinea\/?p=6543"},"modified":"2026-03-22T14:46:41","modified_gmt":"2026-03-22T13:46:41","slug":"el-servicio-de-cafeteria-vuelve-a-nuestro-centro-un-ano-mas-a-cargo-de-la-ampa-de","status":"publish","type":"post","link":"https:\/\/blogsaverroes.juntadeandalucia.es\/ceipsantiagolalinea\/el-servicio-de-cafeteria-vuelve-a-nuestro-centro-un-ano-mas-a-cargo-de-la-ampa-de\/","title":{"rendered":"El servicio de cafeter\u00eda vuelve a nuestro centro un a\u00f1o m\u00e1s, a cargo de la AMPA."},"content":{"rendered":"<p><span style=\"font-size: 12pt\">El alumnado de nuestro centro ha podido disfrutar de un servicio de cafeter\u00eda ofrecido por el AMPA de nuestro colegio, durante la ma\u00f1ana del d\u00eda mi\u00e9rcoles 18 de marzo en el horario del recreo.<\/span><\/p>\n<p><span style=\"font-size: 12pt\">Esta actividad, que se lleva a cabo desde hace varios cursos escolares, es muy bien acogida por el alumnado, donde previamente ha realizado la selecci\u00f3n del sabor del bocadillo.<\/span><\/p>\n<p><span style=\"font-size: 12pt\">Este a\u00f1o adem\u00e1s se han a\u00f1adido nuevos sabores donde la tortilla ha sido, sin duda, la gran favorita de nuestros alumnos y alumnas.<\/span><\/p>\n<p style=\"text-align: center\"><img loading=\"lazy\" decoding=\"async\" class=\"alignnone size-medium wp-image-6538\" src=\"https:\/\/blogsaverroes.juntadeandalucia.es\/ceipsantiagolalinea\/files\/2026\/03\/WhatsApp-Image-2026-03-18-at-18.57.25-300x225.jpeg\" alt=\"\" width=\"300\" height=\"225\"> <img loading=\"lazy\" decoding=\"async\" class=\"alignnone size-medium wp-image-6537\" src=\"https:\/\/blogsaverroes.juntadeandalucia.es\/ceipsantiagolalinea\/files\/2026\/03\/WhatsApp-Image-2026-03-18-at-18.57.25-1-300x225.jpeg\" alt=\"\" width=\"300\" height=\"225\"> <img loading=\"lazy\" decoding=\"async\" class=\"alignnone size-medium wp-image-6534\" src=\"https:\/\/blogsaverroes.juntadeandalucia.es\/ceipsantiagolalinea\/files\/2026\/03\/WhatsApp-Image-2026-03-18-at-18.57.25-4-300x225.jpeg\" alt=\"\" width=\"300\" height=\"225\"> <img loading=\"lazy\" decoding=\"async\" class=\"alignnone size-medium wp-image-6535\" src=\"https:\/\/blogsaverroes.juntadeandalucia.es\/ceipsantiagolalinea\/files\/2026\/03\/WhatsApp-Image-2026-03-18-at-18.57.25-3-300x225.jpeg\" alt=\"\" width=\"300\" height=\"225\"> <img loading=\"lazy\" decoding=\"async\" class=\"alignnone size-medium wp-image-6536\" src=\"https:\/\/blogsaverroes.juntadeandalucia.es\/ceipsantiagolalinea\/files\/2026\/03\/WhatsApp-Image-2026-03-18-at-18.57.25-2-300x225.jpeg\" alt=\"\" width=\"300\" height=\"225\"> <img loading=\"lazy\" decoding=\"async\" class=\"alignnone size-medium wp-image-6532\" src=\"https:\/\/blogsaverroes.juntadeandalucia.es\/ceipsantiagolalinea\/files\/2026\/03\/WhatsApp-Image-2026-03-18-at-11.29.45-300x139.jpeg\" alt=\"\" width=\"300\" height=\"139\"> <img loading=\"lazy\" decoding=\"async\" class=\"alignnone size-medium wp-image-6531\" src=\"https:\/\/blogsaverroes.juntadeandalucia.es\/ceipsantiagolalinea\/files\/2026\/03\/WhatsApp-Image-2026-03-18-at-11.29.46-300x139.jpeg\" alt=\"\" width=\"300\" height=\"139\"> <img loading=\"lazy\" decoding=\"async\" class=\"alignnone size-medium wp-image-6530\" src=\"https:\/\/blogsaverroes.juntadeandalucia.es\/ceipsantiagolalinea\/files\/2026\/03\/WhatsApp-Image-2026-03-18-at-11.29.48-300x139.jpeg\" alt=\"\" width=\"300\" height=\"139\"> <img loading=\"lazy\" decoding=\"async\" class=\"alignnone size-medium wp-image-6529\" src=\"https:\/\/blogsaverroes.juntadeandalucia.es\/ceipsantiagolalinea\/files\/2026\/03\/WhatsApp-Image-2026-03-18-at-11.29.49-300x139.jpeg\" alt=\"\" width=\"300\" height=\"139\"> <img loading=\"lazy\" decoding=\"async\" class=\"alignnone size-medium wp-image-6528\" src=\"https:\/\/blogsaverroes.juntadeandalucia.es\/ceipsantiagolalinea\/files\/2026\/03\/WhatsApp-Image-2026-03-18-at-11.29.50-139x300.jpeg\" alt=\"\" width=\"139\" height=\"300\"> <img loading=\"lazy\" decoding=\"async\" class=\"alignnone size-medium wp-image-6527\" src=\"https:\/\/blogsaverroes.juntadeandalucia.es\/ceipsantiagolalinea\/files\/2026\/03\/WhatsApp-Image-2026-03-18-at-11.29.52-300x139.jpeg\" alt=\"\" width=\"300\" height=\"139\"> <img loading=\"lazy\" decoding=\"async\" class=\"alignnone size-medium wp-image-6526\" src=\"https:\/\/blogsaverroes.juntadeandalucia.es\/ceipsantiagolalinea\/files\/2026\/03\/WhatsApp-Image-2026-03-18-at-11.29.52-1-139x300.jpeg\" alt=\"\" width=\"139\" height=\"300\"> <img loading=\"lazy\" decoding=\"async\" class=\"alignnone size-medium wp-image-6525\" src=\"https:\/\/blogsaverroes.juntadeandalucia.es\/ceipsantiagolalinea\/files\/2026\/03\/WhatsApp-Image-2026-03-18-at-11.29.53-300x139.jpeg\" alt=\"\" width=\"300\" height=\"139\"> <img loading=\"lazy\" decoding=\"async\" class=\"alignnone size-medium wp-image-6521\" src=\"https:\/\/blogsaverroes.juntadeandalucia.es\/ceipsantiagolalinea\/files\/2026\/03\/WhatsApp-Image-2026-03-18-at-11.29.54-2-300x139.jpeg\" alt=\"\" width=\"300\" height=\"139\"> <img loading=\"lazy\" decoding=\"async\" class=\"alignnone size-medium wp-image-6522\" src=\"https:\/\/blogsaverroes.juntadeandalucia.es\/ceipsantiagolalinea\/files\/2026\/03\/WhatsApp-Image-2026-03-18-at-11.29.54-1-300x139.jpeg\" alt=\"\" width=\"300\" height=\"139\"> <img loading=\"lazy\" decoding=\"async\" class=\"alignnone size-medium wp-image-6523\" src=\"https:\/\/blogsaverroes.juntadeandalucia.es\/ceipsantiagolalinea\/files\/2026\/03\/WhatsApp-Image-2026-03-18-at-11.29.54-139x300.jpeg\" alt=\"\" width=\"139\" height=\"300\"> <img loading=\"lazy\" decoding=\"async\" class=\"alignnone size-medium wp-image-6524\" src=\"https:\/\/blogsaverroes.juntadeandalucia.es\/ceipsantiagolalinea\/files\/2026\/03\/WhatsApp-Image-2026-03-18-at-11.29.53-1-139x300.jpeg\" alt=\"\" width=\"139\" height=\"300\"><\/p>\n<p>&nbsp;<\/p>\n","protected":false},"excerpt":{"rendered":"<p>El alumnado de nuestro centro ha podido disfrutar de un servicio de cafeter\u00eda ofrecido por el AMPA de nuestro colegio, durante la ma\u00f1ana del d\u00eda mi\u00e9rcoles 18 de marzo en el horario del recreo. Esta actividad, que se lleva a cabo desde hace varios cursos escolares, es muy bien acogida por el alumnado, donde previamente [&hellip;]<\/p>\n","protected":false},"author":17575,"featured_media":6532,"comment_status":"closed","ping_status":"open","sticky":false,"template":"","format":"standard","meta":{"_et_pb_use_builder":"","_et_pb_old_content":"","_et_gb_content_width":"","ngg_post_thumbnail":0,"footnotes":""},"categories":[3,4],"tags":[],"aioseo_notices":[],"_links":{"self":[{"href":"https:\/\/blogsaverroes.juntadeandalucia.es\/ceipsantiagolalinea\/wp-json\/wp\/v2\/posts\/6543"}],"collection":[{"href":"https:\/\/blogsaverroes.juntadeandalucia.es\/ceipsantiagolalinea\/wp-json\/wp\/v2\/posts"}],"about":[{"href":"https:\/\/blogsaverroes.juntadeandalucia.es\/ceipsantiagolalinea\/wp-json\/wp\/v2\/types\/post"}],"author":[{"embeddable":true,"href":"https:\/\/blogsaverroes.juntadeandalucia.es\/ceipsantiagolalinea\/wp-json\/wp\/v2\/users\/17575"}],"replies":[{"embeddable":true,"href":"https:\/\/blogsaverroes.juntadeandalucia.es\/ceipsantiagolalinea\/wp-json\/wp\/v2\/comments?post=6543"}],"version-history":[{"count":2,"href":"https:\/\/blogsaverroes.juntadeandalucia.es\/ceipsantiagolalinea\/wp-json\/wp\/v2\/posts\/6543\/revisions"}],"predecessor-version":[{"id":6545,"href":"https:\/\/blogsaverroes.juntadeandalucia.es\/ceipsantiagolalinea\/wp-json\/wp\/v2\/posts\/6543\/revisions\/6545"}],"wp:featuredmedia":[{"embeddable":true,"href":"https:\/\/blogsaverroes.juntadeandalucia.es\/ceipsantiagolalinea\/wp-json\/wp\/v2\/media\/6532"}],"wp:attachment":[{"href":"https:\/\/blogsaverroes.juntadeandalucia.es\/ceipsantiagolalinea\/wp-json\/wp\/v2\/media?parent=6543"}],"wp:term":[{"taxonomy":"category","embeddable":true,"href":"https:\/\/blogsaverroes.juntadeandalucia.es\/ceipsantiagolalinea\/wp-json\/wp\/v2\/categories?post=6543"},{"taxonomy":"post_tag","embeddable":true,"href":"https:\/\/blogsaverroes.juntadeandalucia.es\/ceipsantiagolalinea\/wp-json\/wp\/v2\/tags?post=6543"}],"curies":[{"name":"wp","href":"https:\/\/api.w.org\/{rel}","templated":true}]}}