{"id":2365,"date":"2020-11-01T18:30:42","date_gmt":"2020-11-01T18:30:42","guid":{"rendered":"https:\/\/blogsaverroes.juntadeandalucia.es\/ceipsantocristodelmar\/?p=2365"},"modified":"2020-12-22T10:51:52","modified_gmt":"2020-12-22T10:51:52","slug":"adios-a-don-ricardo","status":"publish","type":"post","link":"https:\/\/blogsaverroes.juntadeandalucia.es\/ceipsantocristodelmar\/adios-a-don-ricardo\/","title":{"rendered":"Adi\u00f3s a Don Ricardo"},"content":{"rendered":"<p>Hoy es un d\u00eda muy triste para el CEIP Santo Cristo del Mar. En el d\u00eda de ayer fallec\u00eda D. Ricardo L\u00f3pez Dom\u00ednguez, el que fuera durante muchos a\u00f1os director de nuestro centro, pero al que sobre todo recordaremos por ser una gran persona.<\/p>\n<p>Queremos hacer llegar todo nuestro cari\u00f1o a su familia, en especial a su viuda Mari Carmen.<a href=\"https:\/\/blogsaverroes.juntadeandalucia.es\/ceipsantocristodelmar\/files\/2020\/11\/13007196_697612680379932_1216226529481226789_n.jpg\"><img loading=\"lazy\" decoding=\"async\" class=\"wp-image-2367 alignleft\" src=\"https:\/\/blogsaverroes.juntadeandalucia.es\/ceipsantocristodelmar\/files\/2020\/11\/13007196_697612680379932_1216226529481226789_n-199x300.jpg\" alt=\"\" width=\"246\" height=\"371\" srcset=\"https:\/\/blogsaverroes.juntadeandalucia.es\/ceipsantocristodelmar\/files\/2020\/11\/13007196_697612680379932_1216226529481226789_n-199x300.jpg 199w, https:\/\/blogsaverroes.juntadeandalucia.es\/ceipsantocristodelmar\/files\/2020\/11\/13007196_697612680379932_1216226529481226789_n-16x24.jpg 16w, https:\/\/blogsaverroes.juntadeandalucia.es\/ceipsantocristodelmar\/files\/2020\/11\/13007196_697612680379932_1216226529481226789_n-24x36.jpg 24w, https:\/\/blogsaverroes.juntadeandalucia.es\/ceipsantocristodelmar\/files\/2020\/11\/13007196_697612680379932_1216226529481226789_n-32x48.jpg 32w, https:\/\/blogsaverroes.juntadeandalucia.es\/ceipsantocristodelmar\/files\/2020\/11\/13007196_697612680379932_1216226529481226789_n.jpg 638w\" sizes=\"(max-width: 246px) 100vw, 246px\" \/><\/a><\/p>\n<p>Don Ricardo, los que tuvimos la suerte de conocerte y que actualmente formamos parte de la familia del centro sabemos que tenemos la obligaci\u00f3n y la responsabilidad de transmitir los muchos recuerdos y ense\u00f1anzas que nos dejaste, y contribuir, de esta manera, a que tu colegio te recuerde siempre.<\/p>\n<p>No te olvidaremos Don Ricardo<\/p>\n<p>Descansa en Paz<\/p>\n","protected":false},"excerpt":{"rendered":"<p>Hoy es un d\u00eda muy triste para el CEIP Santo Cristo del Mar. En el d\u00eda de ayer fallec\u00eda D. Ricardo L\u00f3pez Dom\u00ednguez, el que fuera durante muchos a\u00f1os director de nuestro centro, pero&#46;&#46;&#46;<\/p>\n","protected":false},"author":10535,"featured_media":2367,"comment_status":"open","ping_status":"open","sticky":false,"template":"","format":"standard","meta":{"ngg_post_thumbnail":0,"footnotes":""},"categories":[11909],"tags":[],"aioseo_notices":[],"_links":{"self":[{"href":"https:\/\/blogsaverroes.juntadeandalucia.es\/ceipsantocristodelmar\/wp-json\/wp\/v2\/posts\/2365"}],"collection":[{"href":"https:\/\/blogsaverroes.juntadeandalucia.es\/ceipsantocristodelmar\/wp-json\/wp\/v2\/posts"}],"about":[{"href":"https:\/\/blogsaverroes.juntadeandalucia.es\/ceipsantocristodelmar\/wp-json\/wp\/v2\/types\/post"}],"author":[{"embeddable":true,"href":"https:\/\/blogsaverroes.juntadeandalucia.es\/ceipsantocristodelmar\/wp-json\/wp\/v2\/users\/10535"}],"replies":[{"embeddable":true,"href":"https:\/\/blogsaverroes.juntadeandalucia.es\/ceipsantocristodelmar\/wp-json\/wp\/v2\/comments?post=2365"}],"version-history":[{"count":3,"href":"https:\/\/blogsaverroes.juntadeandalucia.es\/ceipsantocristodelmar\/wp-json\/wp\/v2\/posts\/2365\/revisions"}],"predecessor-version":[{"id":2369,"href":"https:\/\/blogsaverroes.juntadeandalucia.es\/ceipsantocristodelmar\/wp-json\/wp\/v2\/posts\/2365\/revisions\/2369"}],"wp:featuredmedia":[{"embeddable":true,"href":"https:\/\/blogsaverroes.juntadeandalucia.es\/ceipsantocristodelmar\/wp-json\/wp\/v2\/media\/2367"}],"wp:attachment":[{"href":"https:\/\/blogsaverroes.juntadeandalucia.es\/ceipsantocristodelmar\/wp-json\/wp\/v2\/media?parent=2365"}],"wp:term":[{"taxonomy":"category","embeddable":true,"href":"https:\/\/blogsaverroes.juntadeandalucia.es\/ceipsantocristodelmar\/wp-json\/wp\/v2\/categories?post=2365"},{"taxonomy":"post_tag","embeddable":true,"href":"https:\/\/blogsaverroes.juntadeandalucia.es\/ceipsantocristodelmar\/wp-json\/wp\/v2\/tags?post=2365"}],"curies":[{"name":"wp","href":"https:\/\/api.w.org\/{rel}","templated":true}]}}