{"id":3017,"date":"2022-01-27T19:44:53","date_gmt":"2022-01-27T19:44:53","guid":{"rendered":"https:\/\/blogsaverroes.juntadeandalucia.es\/ceipsegundocentenario\/?p=3017"},"modified":"2022-01-27T19:52:57","modified_gmt":"2022-01-27T19:52:57","slug":"actividades-dia-la-paz","status":"publish","type":"post","link":"https:\/\/blogsaverroes.juntadeandalucia.es\/ceipsegundocentenario\/actividades-dia-la-paz\/","title":{"rendered":"D\u00cdA ESCOLAR DE LA NO VIOLENCIA Y LA PAZ"},"content":{"rendered":"<p><a href=\"https:\/\/blogsaverroes.juntadeandalucia.es\/ceipsegundocentenario\/files\/2022\/01\/Cartel-Anuncio-de-Inscripciones-para-Carrera-con-Ilustraci\u00f3n-colorida-naranja-azul-y-rojo.png\"><img fetchpriority=\"high\" decoding=\"async\" class=\"alignleft size-medium wp-image-3019\" src=\"https:\/\/blogsaverroes.juntadeandalucia.es\/ceipsegundocentenario\/files\/2022\/01\/Cartel-Anuncio-de-Inscripciones-para-Carrera-con-Ilustraci\u00f3n-colorida-naranja-azul-y-rojo-225x300.png\" alt=\"\" width=\"225\" height=\"300\" srcset=\"https:\/\/blogsaverroes.juntadeandalucia.es\/ceipsegundocentenario\/files\/2022\/01\/Cartel-Anuncio-de-Inscripciones-para-Carrera-con-Ilustraci\u00f3n-colorida-naranja-azul-y-rojo-225x300.png 225w, https:\/\/blogsaverroes.juntadeandalucia.es\/ceipsegundocentenario\/files\/2022\/01\/Cartel-Anuncio-de-Inscripciones-para-Carrera-con-Ilustraci\u00f3n-colorida-naranja-azul-y-rojo-768x1024.png 768w, https:\/\/blogsaverroes.juntadeandalucia.es\/ceipsegundocentenario\/files\/2022\/01\/Cartel-Anuncio-de-Inscripciones-para-Carrera-con-Ilustraci\u00f3n-colorida-naranja-azul-y-rojo-1152x1536.png 1152w, https:\/\/blogsaverroes.juntadeandalucia.es\/ceipsegundocentenario\/files\/2022\/01\/Cartel-Anuncio-de-Inscripciones-para-Carrera-con-Ilustraci\u00f3n-colorida-naranja-azul-y-rojo-1536x2048.png 1536w, https:\/\/blogsaverroes.juntadeandalucia.es\/ceipsegundocentenario\/files\/2022\/01\/Cartel-Anuncio-de-Inscripciones-para-Carrera-con-Ilustraci\u00f3n-colorida-naranja-azul-y-rojo.png 1200w\" sizes=\"(max-width: 225px) 100vw, 225px\" \/><\/a>Con motivo del \u201cD\u00cdA ESCOLAR DE LA NO VIOLENCIA Y LA PAZ\u201d nuestro centro va a participar en la carrera solidaria \u201cKil\u00f3metros de Solidaridad\u201d, promocionada por la ONG Save the Children, el pr\u00f3ximo viernes, 28 de enero de enero. Con esta actividad perseguimos el doble objetivo de visibilizar y ayudar a los ni\u00f1os y ni\u00f1as que viven en el Cuerno de \u00c1frica y fomentar la solidaridad en la comunidad educativa del CEIP Segundo Centenario. Vamos a contribuir a que otra situaci\u00f3n se haga realidad mediante la solidaridad y la participaci\u00f3n, comenzando por compartir parte de nuestro dinero o salario (en este caso, de quienes patrocinen al alumnado: familias, vecinos\/as, \u2026).<\/p>\n<p>Adem\u00e1s, se desarrollar\u00e1n otras actividades en la Plaza de la Romer\u00eda a partir de las 12:00 h del mencionado d\u00eda.<\/p>\n<p>Muchas gracias.<\/p>\n","protected":false},"excerpt":{"rendered":"<p>Con motivo del \u201cD\u00cdA ESCOLAR DE LA NO VIOLENCIA Y LA PAZ\u201d nuestro centro va a participar en la carrera solidaria \u201cKil\u00f3metros de Solidaridad\u201d, promocionada por la ONG Save the Children, el pr\u00f3ximo viernes, 28&#46;&#46;&#46;<\/p>\n","protected":false},"author":10503,"featured_media":3019,"comment_status":"open","ping_status":"open","sticky":false,"template":"","format":"standard","meta":{"ngg_post_thumbnail":0,"footnotes":""},"categories":[2351656,2351659],"tags":[],"aioseo_notices":[],"_links":{"self":[{"href":"https:\/\/blogsaverroes.juntadeandalucia.es\/ceipsegundocentenario\/wp-json\/wp\/v2\/posts\/3017"}],"collection":[{"href":"https:\/\/blogsaverroes.juntadeandalucia.es\/ceipsegundocentenario\/wp-json\/wp\/v2\/posts"}],"about":[{"href":"https:\/\/blogsaverroes.juntadeandalucia.es\/ceipsegundocentenario\/wp-json\/wp\/v2\/types\/post"}],"author":[{"embeddable":true,"href":"https:\/\/blogsaverroes.juntadeandalucia.es\/ceipsegundocentenario\/wp-json\/wp\/v2\/users\/10503"}],"replies":[{"embeddable":true,"href":"https:\/\/blogsaverroes.juntadeandalucia.es\/ceipsegundocentenario\/wp-json\/wp\/v2\/comments?post=3017"}],"version-history":[{"count":3,"href":"https:\/\/blogsaverroes.juntadeandalucia.es\/ceipsegundocentenario\/wp-json\/wp\/v2\/posts\/3017\/revisions"}],"predecessor-version":[{"id":3022,"href":"https:\/\/blogsaverroes.juntadeandalucia.es\/ceipsegundocentenario\/wp-json\/wp\/v2\/posts\/3017\/revisions\/3022"}],"wp:featuredmedia":[{"embeddable":true,"href":"https:\/\/blogsaverroes.juntadeandalucia.es\/ceipsegundocentenario\/wp-json\/wp\/v2\/media\/3019"}],"wp:attachment":[{"href":"https:\/\/blogsaverroes.juntadeandalucia.es\/ceipsegundocentenario\/wp-json\/wp\/v2\/media?parent=3017"}],"wp:term":[{"taxonomy":"category","embeddable":true,"href":"https:\/\/blogsaverroes.juntadeandalucia.es\/ceipsegundocentenario\/wp-json\/wp\/v2\/categories?post=3017"},{"taxonomy":"post_tag","embeddable":true,"href":"https:\/\/blogsaverroes.juntadeandalucia.es\/ceipsegundocentenario\/wp-json\/wp\/v2\/tags?post=3017"}],"curies":[{"name":"wp","href":"https:\/\/api.w.org\/{rel}","templated":true}]}}