{"id":1328,"date":"2014-03-11T16:06:46","date_gmt":"2014-03-11T16:06:46","guid":{"rendered":"http:\/\/ceipsilosalcala.redes-cepalcala.org\/?p=1328"},"modified":"2014-03-11T16:06:46","modified_gmt":"2014-03-11T16:06:46","slug":"la-prehistoria","status":"publish","type":"post","link":"https:\/\/blogsaverroes.juntadeandalucia.es\/ceipsilos\/la-prehistoria\/","title":{"rendered":"LA PREHISTORIA"},"content":{"rendered":"<p>El alumnado de Educaci\u00f3n Infantil de 4 a\u00f1os os invita a su exposici\u00f3n sobre <strong>\u00abLa Prehistoria\u00bb.\u00a0<\/strong><\/p>\n<p>No lo olvid\u00e9is, los lunes de 15:30 a 18:00 en el colegio.<\/p>\n<p><a href=\"https:\/\/blogsaverroes.juntadeandalucia.es\/ceipsilos\/files\/2014\/03\/FOTOS-TRIMESTRE-1-BIS-430.jpg\"><img loading=\"lazy\" decoding=\"async\" class=\"alignnone size-medium wp-image-1331\" alt=\"FOTOS TRIMESTRE 1 BIS 430\" src=\"https:\/\/blogsaverroes.juntadeandalucia.es\/ceipsilos\/files\/2014\/03\/FOTOS-TRIMESTRE-1-BIS-430-300x225.jpg\" width=\"300\" height=\"225\" srcset=\"https:\/\/blogsaverroes.juntadeandalucia.es\/ceipsilos\/files\/2014\/03\/FOTOS-TRIMESTRE-1-BIS-430-300x225.jpg 300w, https:\/\/blogsaverroes.juntadeandalucia.es\/ceipsilos\/files\/2014\/03\/FOTOS-TRIMESTRE-1-BIS-430-1024x768.jpg 1024w, https:\/\/blogsaverroes.juntadeandalucia.es\/ceipsilos\/files\/2014\/03\/FOTOS-TRIMESTRE-1-BIS-430-24x18.jpg 24w, https:\/\/blogsaverroes.juntadeandalucia.es\/ceipsilos\/files\/2014\/03\/FOTOS-TRIMESTRE-1-BIS-430-36x27.jpg 36w, https:\/\/blogsaverroes.juntadeandalucia.es\/ceipsilos\/files\/2014\/03\/FOTOS-TRIMESTRE-1-BIS-430-48x36.jpg 48w, https:\/\/blogsaverroes.juntadeandalucia.es\/ceipsilos\/files\/2014\/03\/FOTOS-TRIMESTRE-1-BIS-430.jpg 1600w\" sizes=\"(max-width: 300px) 100vw, 300px\" \/><\/a><\/p>\n","protected":false},"excerpt":{"rendered":"<p>El alumnado de Educaci\u00f3n Infantil de 4 a\u00f1os os invita a su exposici\u00f3n sobre \u00abLa Prehistoria\u00bb.\u00a0 No lo olvid\u00e9is, los lunes de 15:30 a 18:00 en el colegio.<\/p>\n","protected":false},"author":5518,"featured_media":0,"comment_status":"closed","ping_status":"open","sticky":false,"template":"","format":"standard","meta":{"ngg_post_thumbnail":0,"footnotes":""},"categories":[696943,526,11909],"tags":[],"aioseo_notices":[],"_links":{"self":[{"href":"https:\/\/blogsaverroes.juntadeandalucia.es\/ceipsilos\/wp-json\/wp\/v2\/posts\/1328"}],"collection":[{"href":"https:\/\/blogsaverroes.juntadeandalucia.es\/ceipsilos\/wp-json\/wp\/v2\/posts"}],"about":[{"href":"https:\/\/blogsaverroes.juntadeandalucia.es\/ceipsilos\/wp-json\/wp\/v2\/types\/post"}],"author":[{"embeddable":true,"href":"https:\/\/blogsaverroes.juntadeandalucia.es\/ceipsilos\/wp-json\/wp\/v2\/users\/5518"}],"replies":[{"embeddable":true,"href":"https:\/\/blogsaverroes.juntadeandalucia.es\/ceipsilos\/wp-json\/wp\/v2\/comments?post=1328"}],"version-history":[{"count":0,"href":"https:\/\/blogsaverroes.juntadeandalucia.es\/ceipsilos\/wp-json\/wp\/v2\/posts\/1328\/revisions"}],"wp:attachment":[{"href":"https:\/\/blogsaverroes.juntadeandalucia.es\/ceipsilos\/wp-json\/wp\/v2\/media?parent=1328"}],"wp:term":[{"taxonomy":"category","embeddable":true,"href":"https:\/\/blogsaverroes.juntadeandalucia.es\/ceipsilos\/wp-json\/wp\/v2\/categories?post=1328"},{"taxonomy":"post_tag","embeddable":true,"href":"https:\/\/blogsaverroes.juntadeandalucia.es\/ceipsilos\/wp-json\/wp\/v2\/tags?post=1328"}],"curies":[{"name":"wp","href":"https:\/\/api.w.org\/{rel}","templated":true}]}}