{"id":1442,"date":"2014-04-24T08:51:04","date_gmt":"2014-04-24T08:51:04","guid":{"rendered":"http:\/\/ceipsilosalcala.redes-cepalcala.org\/?p=1442"},"modified":"2014-04-24T08:51:04","modified_gmt":"2014-04-24T08:51:04","slug":"escuelas-de-verano","status":"publish","type":"post","link":"https:\/\/blogsaverroes.juntadeandalucia.es\/ceipsilos\/escuelas-de-verano\/","title":{"rendered":"ESCUELAS DE VERANO"},"content":{"rendered":"<p>Os informamos la apertura de plazo para apuntarse a la Escuela de Verano.<\/p>\n<p>La empresa organizadora es Educomex Multiservicios S.L.<\/p>\n<p>Se ofertan plazas en diferentes colegios de Alcal\u00e1 de Guada\u00edra.<\/p>\n<p>Para m\u00e1s informaci\u00f3n llamen a los n\u00fameros de tel\u00e9fono que aparecen en el cartel.<\/p>\n<p><a href=\"https:\/\/blogsaverroes.juntadeandalucia.es\/ceipsilos\/files\/2014\/04\/Escuelas-de-verano.pdf\">CARTEL ESCUELAS DE VERANO<\/a><\/p>\n","protected":false},"excerpt":{"rendered":"<p>Os informamos la apertura de plazo para apuntarse a la Escuela de Verano. La empresa organizadora es Educomex Multiservicios S.L. Se ofertan plazas en diferentes colegios de Alcal\u00e1 de Guada\u00edra. Para m\u00e1s informaci\u00f3n llamen a los n\u00fameros de tel\u00e9fono que aparecen en el cartel. CARTEL ESCUELAS DE VERANO<\/p>\n","protected":false},"author":5518,"featured_media":0,"comment_status":"closed","ping_status":"open","sticky":false,"template":"","format":"standard","meta":{"ngg_post_thumbnail":0,"footnotes":""},"categories":[526,11909],"tags":[],"aioseo_notices":[],"_links":{"self":[{"href":"https:\/\/blogsaverroes.juntadeandalucia.es\/ceipsilos\/wp-json\/wp\/v2\/posts\/1442"}],"collection":[{"href":"https:\/\/blogsaverroes.juntadeandalucia.es\/ceipsilos\/wp-json\/wp\/v2\/posts"}],"about":[{"href":"https:\/\/blogsaverroes.juntadeandalucia.es\/ceipsilos\/wp-json\/wp\/v2\/types\/post"}],"author":[{"embeddable":true,"href":"https:\/\/blogsaverroes.juntadeandalucia.es\/ceipsilos\/wp-json\/wp\/v2\/users\/5518"}],"replies":[{"embeddable":true,"href":"https:\/\/blogsaverroes.juntadeandalucia.es\/ceipsilos\/wp-json\/wp\/v2\/comments?post=1442"}],"version-history":[{"count":0,"href":"https:\/\/blogsaverroes.juntadeandalucia.es\/ceipsilos\/wp-json\/wp\/v2\/posts\/1442\/revisions"}],"wp:attachment":[{"href":"https:\/\/blogsaverroes.juntadeandalucia.es\/ceipsilos\/wp-json\/wp\/v2\/media?parent=1442"}],"wp:term":[{"taxonomy":"category","embeddable":true,"href":"https:\/\/blogsaverroes.juntadeandalucia.es\/ceipsilos\/wp-json\/wp\/v2\/categories?post=1442"},{"taxonomy":"post_tag","embeddable":true,"href":"https:\/\/blogsaverroes.juntadeandalucia.es\/ceipsilos\/wp-json\/wp\/v2\/tags?post=1442"}],"curies":[{"name":"wp","href":"https:\/\/api.w.org\/{rel}","templated":true}]}}