{"id":1499,"date":"2014-06-16T19:26:41","date_gmt":"2014-06-16T19:26:41","guid":{"rendered":"http:\/\/ceipsilosalcala.redes-cepalcala.org\/?p=1499"},"modified":"2014-06-16T19:26:41","modified_gmt":"2014-06-16T19:26:41","slug":"escuela-de-verano-2014","status":"publish","type":"post","link":"https:\/\/blogsaverroes.juntadeandalucia.es\/ceipsilos\/escuela-de-verano-2014\/","title":{"rendered":"ESCUELA DE VERANO 2014"},"content":{"rendered":"<p>Les recordamos que la Escuela de Verano comenzar\u00e1 el martes 24 de junio en horario de 7:30 a 15:30 horas.<\/p>\n<p>Todas las familias que est\u00e9n interesadas pueden pasarse por Secretar\u00eda del centro.<\/p>\n","protected":false},"excerpt":{"rendered":"<p>Les recordamos que la Escuela de Verano comenzar\u00e1 el martes 24 de junio en horario de 7:30 a 15:30 horas. Todas las familias que est\u00e9n interesadas pueden pasarse por Secretar\u00eda del centro.<\/p>\n","protected":false},"author":5518,"featured_media":0,"comment_status":"closed","ping_status":"open","sticky":false,"template":"","format":"standard","meta":{"ngg_post_thumbnail":0,"footnotes":""},"categories":[526,11909],"tags":[],"aioseo_notices":[],"_links":{"self":[{"href":"https:\/\/blogsaverroes.juntadeandalucia.es\/ceipsilos\/wp-json\/wp\/v2\/posts\/1499"}],"collection":[{"href":"https:\/\/blogsaverroes.juntadeandalucia.es\/ceipsilos\/wp-json\/wp\/v2\/posts"}],"about":[{"href":"https:\/\/blogsaverroes.juntadeandalucia.es\/ceipsilos\/wp-json\/wp\/v2\/types\/post"}],"author":[{"embeddable":true,"href":"https:\/\/blogsaverroes.juntadeandalucia.es\/ceipsilos\/wp-json\/wp\/v2\/users\/5518"}],"replies":[{"embeddable":true,"href":"https:\/\/blogsaverroes.juntadeandalucia.es\/ceipsilos\/wp-json\/wp\/v2\/comments?post=1499"}],"version-history":[{"count":0,"href":"https:\/\/blogsaverroes.juntadeandalucia.es\/ceipsilos\/wp-json\/wp\/v2\/posts\/1499\/revisions"}],"wp:attachment":[{"href":"https:\/\/blogsaverroes.juntadeandalucia.es\/ceipsilos\/wp-json\/wp\/v2\/media?parent=1499"}],"wp:term":[{"taxonomy":"category","embeddable":true,"href":"https:\/\/blogsaverroes.juntadeandalucia.es\/ceipsilos\/wp-json\/wp\/v2\/categories?post=1499"},{"taxonomy":"post_tag","embeddable":true,"href":"https:\/\/blogsaverroes.juntadeandalucia.es\/ceipsilos\/wp-json\/wp\/v2\/tags?post=1499"}],"curies":[{"name":"wp","href":"https:\/\/api.w.org\/{rel}","templated":true}]}}