{"id":1636,"date":"2014-11-17T10:10:09","date_gmt":"2014-11-17T10:10:09","guid":{"rendered":"http:\/\/ceipsilosalcala.redes-cepalcala.org\/?p=1636"},"modified":"2014-11-17T10:10:09","modified_gmt":"2014-11-17T10:10:09","slug":"la-casa-del-titere","status":"publish","type":"post","link":"https:\/\/blogsaverroes.juntadeandalucia.es\/ceipsilos\/la-casa-del-titere\/","title":{"rendered":"LA CASA DEL T\u00edTERE"},"content":{"rendered":"<p>El pasado mi\u00e9rcoles fue nuestra primera salida en autob\u00fas. Est\u00e1bamos muy nerviosos, contentos y animados porque llegara el d\u00eda y visitar \u201cLa Casa del T\u00edtere\u201d en Camas. All\u00ed nos estaban esperando Pepe y Luisa dos fant\u00e1sticas personas a las que les fascina el mundo del teatro.<\/p>\n<p>Nos ha gustado mucho \u201cLa Casa del T\u00edtere\u201d es un mundo m\u00e1gico, de fantas\u00eda que favorece la imaginaci\u00f3n lleno de marionetas maravillosas. Nos han contado diferentes cuentos con diferentes marionetas y t\u00e9cnicas: El mosquito Frasquito, Los tres Cerditos, un teatro de sombras donde aparec\u00eda un caballero, una dama y una bruja. Hemos participado activamente en las experiencias y nos hemos re\u00eddo mucho con Pepe y sus marionetas.<\/p>\n<p><a href=\"https:\/\/drive.google.com\/folderview?id=0B8xbz_KKZulbRkYycHlPcFN4Rms&amp;usp=sharing\" target=\"_blank\">FOTOS DE LA EXCURSI\u00d3N<\/a><\/p>\n","protected":false},"excerpt":{"rendered":"<p>El pasado mi\u00e9rcoles fue nuestra primera salida en autob\u00fas. Est\u00e1bamos muy nerviosos, contentos y animados porque llegara el d\u00eda y visitar \u201cLa Casa del T\u00edtere\u201d en Camas. All\u00ed nos estaban esperando Pepe y Luisa dos fant\u00e1sticas personas a las que les fascina el mundo del teatro. Nos ha gustado mucho \u201cLa Casa del T\u00edtere\u201d es &hellip; <\/p>\n<p><a class=\"more-link btn\" href=\"https:\/\/blogsaverroes.juntadeandalucia.es\/ceipsilos\/la-casa-del-titere\/\">Seguir leyendo<\/a><\/p>\n","protected":false},"author":5518,"featured_media":0,"comment_status":"closed","ping_status":"open","sticky":false,"template":"","format":"standard","meta":{"ngg_post_thumbnail":0,"footnotes":""},"categories":[696943,526,11909],"tags":[],"aioseo_notices":[],"_links":{"self":[{"href":"https:\/\/blogsaverroes.juntadeandalucia.es\/ceipsilos\/wp-json\/wp\/v2\/posts\/1636"}],"collection":[{"href":"https:\/\/blogsaverroes.juntadeandalucia.es\/ceipsilos\/wp-json\/wp\/v2\/posts"}],"about":[{"href":"https:\/\/blogsaverroes.juntadeandalucia.es\/ceipsilos\/wp-json\/wp\/v2\/types\/post"}],"author":[{"embeddable":true,"href":"https:\/\/blogsaverroes.juntadeandalucia.es\/ceipsilos\/wp-json\/wp\/v2\/users\/5518"}],"replies":[{"embeddable":true,"href":"https:\/\/blogsaverroes.juntadeandalucia.es\/ceipsilos\/wp-json\/wp\/v2\/comments?post=1636"}],"version-history":[{"count":0,"href":"https:\/\/blogsaverroes.juntadeandalucia.es\/ceipsilos\/wp-json\/wp\/v2\/posts\/1636\/revisions"}],"wp:attachment":[{"href":"https:\/\/blogsaverroes.juntadeandalucia.es\/ceipsilos\/wp-json\/wp\/v2\/media?parent=1636"}],"wp:term":[{"taxonomy":"category","embeddable":true,"href":"https:\/\/blogsaverroes.juntadeandalucia.es\/ceipsilos\/wp-json\/wp\/v2\/categories?post=1636"},{"taxonomy":"post_tag","embeddable":true,"href":"https:\/\/blogsaverroes.juntadeandalucia.es\/ceipsilos\/wp-json\/wp\/v2\/tags?post=1636"}],"curies":[{"name":"wp","href":"https:\/\/api.w.org\/{rel}","templated":true}]}}