{"id":1734,"date":"2015-03-13T13:34:12","date_gmt":"2015-03-13T13:34:12","guid":{"rendered":"http:\/\/ceipsilosalcala.redes-cepalcala.org\/?p=1734"},"modified":"2015-03-13T13:34:12","modified_gmt":"2015-03-13T13:34:12","slug":"hacemos-pan-el-las-aulas","status":"publish","type":"post","link":"https:\/\/blogsaverroes.juntadeandalucia.es\/ceipsilos\/hacemos-pan-el-las-aulas\/","title":{"rendered":"HACEMOS PAN EL LAS AULAS"},"content":{"rendered":"<p>El pasado d\u00eda 5 de marzo, los alumnos de 3\u00ba de E. Primaria asistieron a un \u00abTaller del pan\u00bb en el aula, donde conocieron un poco la historia de nuestro pueblo y elaboraron pan.<\/p>\n<p>La actividad se complet\u00f3 el d\u00eda 10 de marzo con una salida que consisti\u00f3 en un recorrido por varios molinos de Alcal\u00e1 para verlos por dentro y entender su funcionamiento.<\/p>\n<p>\u00a1Se lo pasaron en grande!<\/p>\n<p><a href=\"https:\/\/drive.google.com\/folderview?id=0B8xbz_KKZulbVjZjRWpHbVIxZFk&amp;usp=sharing\" target=\"_blank\">Taller del pan<\/a><\/p>\n<p><a href=\"https:\/\/drive.google.com\/folderview?id=0B8xbz_KKZulbb1kycFBlR1F2QmM&amp;usp=sharing\" target=\"_blank\">Los molinos de Alcal\u00e1<\/a><\/p>\n","protected":false},"excerpt":{"rendered":"<p>El pasado d\u00eda 5 de marzo, los alumnos de 3\u00ba de E. Primaria asistieron a un \u00abTaller del pan\u00bb en el aula, donde conocieron un poco la historia de nuestro pueblo y elaboraron pan. La actividad se complet\u00f3 el d\u00eda 10 de marzo con una salida que consisti\u00f3 en un recorrido por varios molinos de &hellip; <\/p>\n<p><a class=\"more-link btn\" href=\"https:\/\/blogsaverroes.juntadeandalucia.es\/ceipsilos\/hacemos-pan-el-las-aulas\/\">Seguir leyendo<\/a><\/p>\n","protected":false},"author":5518,"featured_media":0,"comment_status":"closed","ping_status":"open","sticky":false,"template":"","format":"standard","meta":{"ngg_post_thumbnail":0,"footnotes":""},"categories":[696943,526,11909],"tags":[],"aioseo_notices":[],"_links":{"self":[{"href":"https:\/\/blogsaverroes.juntadeandalucia.es\/ceipsilos\/wp-json\/wp\/v2\/posts\/1734"}],"collection":[{"href":"https:\/\/blogsaverroes.juntadeandalucia.es\/ceipsilos\/wp-json\/wp\/v2\/posts"}],"about":[{"href":"https:\/\/blogsaverroes.juntadeandalucia.es\/ceipsilos\/wp-json\/wp\/v2\/types\/post"}],"author":[{"embeddable":true,"href":"https:\/\/blogsaverroes.juntadeandalucia.es\/ceipsilos\/wp-json\/wp\/v2\/users\/5518"}],"replies":[{"embeddable":true,"href":"https:\/\/blogsaverroes.juntadeandalucia.es\/ceipsilos\/wp-json\/wp\/v2\/comments?post=1734"}],"version-history":[{"count":0,"href":"https:\/\/blogsaverroes.juntadeandalucia.es\/ceipsilos\/wp-json\/wp\/v2\/posts\/1734\/revisions"}],"wp:attachment":[{"href":"https:\/\/blogsaverroes.juntadeandalucia.es\/ceipsilos\/wp-json\/wp\/v2\/media?parent=1734"}],"wp:term":[{"taxonomy":"category","embeddable":true,"href":"https:\/\/blogsaverroes.juntadeandalucia.es\/ceipsilos\/wp-json\/wp\/v2\/categories?post=1734"},{"taxonomy":"post_tag","embeddable":true,"href":"https:\/\/blogsaverroes.juntadeandalucia.es\/ceipsilos\/wp-json\/wp\/v2\/tags?post=1734"}],"curies":[{"name":"wp","href":"https:\/\/api.w.org\/{rel}","templated":true}]}}