{"id":1806,"date":"2015-05-07T13:03:18","date_gmt":"2015-05-07T13:03:18","guid":{"rendered":"http:\/\/ceipsilosalcala.redes-cepalcala.org\/?p=1806"},"modified":"2015-05-07T13:03:18","modified_gmt":"2015-05-07T13:03:18","slug":"vuelta-ciclista-a-espana","status":"publish","type":"post","link":"https:\/\/blogsaverroes.juntadeandalucia.es\/ceipsilos\/vuelta-ciclista-a-espana\/","title":{"rendered":"VUELTA CICLISTA A ESPA\u00d1A"},"content":{"rendered":"<p>Con motivo del paso de la pr\u00f3xima edici\u00f3n de la Vuelta ciclista a Espa\u00f1a por nuestro pueblo,se ha realizado una actividad patrocinada por los organizadores de la carrera en el centro.<\/p>\n<p>La primera parte de la actividad consist\u00eda en una sesi\u00f3n formativa sobre educaci\u00f3n vial.<\/p>\n<p>La segunda parte era pr\u00e1ctica y se realiz\u00f3 en el patio del colegio.<\/p>\n<p><a href=\"https:\/\/drive.google.com\/folderview?id=0B8xbz_KKZulbfjVsd1JKaVVweXBVWGZPbzBjN1RNWERFNVlMQWhhaUJaZ3dDdExBVWlCdVk&amp;usp=sharing\" target=\"_blank\">Vuelta ciclista a Espa\u00f1a<\/a><\/p>\n","protected":false},"excerpt":{"rendered":"<p>Con motivo del paso de la pr\u00f3xima edici\u00f3n de la Vuelta ciclista a Espa\u00f1a por nuestro pueblo,se ha realizado una actividad patrocinada por los organizadores de la carrera en el centro. La primera parte de la actividad consist\u00eda en una sesi\u00f3n formativa sobre educaci\u00f3n vial. La segunda parte era pr\u00e1ctica y se realiz\u00f3 en el &hellip; <\/p>\n<p><a class=\"more-link btn\" href=\"https:\/\/blogsaverroes.juntadeandalucia.es\/ceipsilos\/vuelta-ciclista-a-espana\/\">Seguir leyendo<\/a><\/p>\n","protected":false},"author":5518,"featured_media":0,"comment_status":"closed","ping_status":"open","sticky":false,"template":"","format":"standard","meta":{"ngg_post_thumbnail":0,"footnotes":""},"categories":[696943,526,11909],"tags":[],"aioseo_notices":[],"_links":{"self":[{"href":"https:\/\/blogsaverroes.juntadeandalucia.es\/ceipsilos\/wp-json\/wp\/v2\/posts\/1806"}],"collection":[{"href":"https:\/\/blogsaverroes.juntadeandalucia.es\/ceipsilos\/wp-json\/wp\/v2\/posts"}],"about":[{"href":"https:\/\/blogsaverroes.juntadeandalucia.es\/ceipsilos\/wp-json\/wp\/v2\/types\/post"}],"author":[{"embeddable":true,"href":"https:\/\/blogsaverroes.juntadeandalucia.es\/ceipsilos\/wp-json\/wp\/v2\/users\/5518"}],"replies":[{"embeddable":true,"href":"https:\/\/blogsaverroes.juntadeandalucia.es\/ceipsilos\/wp-json\/wp\/v2\/comments?post=1806"}],"version-history":[{"count":0,"href":"https:\/\/blogsaverroes.juntadeandalucia.es\/ceipsilos\/wp-json\/wp\/v2\/posts\/1806\/revisions"}],"wp:attachment":[{"href":"https:\/\/blogsaverroes.juntadeandalucia.es\/ceipsilos\/wp-json\/wp\/v2\/media?parent=1806"}],"wp:term":[{"taxonomy":"category","embeddable":true,"href":"https:\/\/blogsaverroes.juntadeandalucia.es\/ceipsilos\/wp-json\/wp\/v2\/categories?post=1806"},{"taxonomy":"post_tag","embeddable":true,"href":"https:\/\/blogsaverroes.juntadeandalucia.es\/ceipsilos\/wp-json\/wp\/v2\/tags?post=1806"}],"curies":[{"name":"wp","href":"https:\/\/api.w.org\/{rel}","templated":true}]}}