{"id":1958,"date":"2015-12-17T17:47:39","date_gmt":"2015-12-17T17:47:39","guid":{"rendered":"http:\/\/ceipsilosalcala.redes-cepalcala.org\/?p=1958"},"modified":"2015-12-17T17:47:39","modified_gmt":"2015-12-17T17:47:39","slug":"celebramos-el-dia-de-la-constitucion","status":"publish","type":"post","link":"https:\/\/blogsaverroes.juntadeandalucia.es\/ceipsilos\/celebramos-el-dia-de-la-constitucion\/","title":{"rendered":"CELEBRAMOS EL D\u00cdA DE LA CONSTITUCI\u00d3N"},"content":{"rendered":"<p>El domingo 6 de diciembre se celebraba el D\u00eda de la Constituci\u00f3n en nuestro pa\u00eds. Para conmemorar dicho acontecimiento \u00a0se realizaron diferentes actividades en el centro.<\/p>\n<p>En Educaci\u00f3n Infantil se trabajo sobre los derecho de la infancia, culminando los trabajos realizados en las diferentes aulas con la elaboraci\u00f3n de un cartel.<\/p>\n<p>En los diferentes cursos se desarrollaron diversas actividades:<\/p>\n<ul>\n<li>Conocimiento de los s\u00edmbolos Espa\u00f1a.<\/li>\n<li>Cumplimentaci\u00f3n de libretos adecuados sobre la \u00a0Constituci\u00f3n.<\/li>\n<li>Estudio de autonom\u00edas y provincias.<\/li>\n<li>Concursos.<\/li>\n<li>Etc.<\/li>\n<\/ul>\n<p><a href=\"https:\/\/drive.google.com\/folderview?id=0B8xbz_KKZulbaVFmTEEyNVFHb0E&amp;usp=sharing\" target=\"_blank\">D\u00eda de la Constituci\u00f3n<\/a><\/p>\n","protected":false},"excerpt":{"rendered":"<p>El domingo 6 de diciembre se celebraba el D\u00eda de la Constituci\u00f3n en nuestro pa\u00eds. Para conmemorar dicho acontecimiento \u00a0se realizaron diferentes actividades en el centro. En Educaci\u00f3n Infantil se trabajo sobre los derecho de la infancia, culminando los trabajos realizados en las diferentes aulas con la elaboraci\u00f3n de un cartel. En los diferentes cursos &hellip; <\/p>\n<p><a class=\"more-link btn\" href=\"https:\/\/blogsaverroes.juntadeandalucia.es\/ceipsilos\/celebramos-el-dia-de-la-constitucion\/\">Seguir leyendo<\/a><\/p>\n","protected":false},"author":5518,"featured_media":0,"comment_status":"closed","ping_status":"open","sticky":false,"template":"","format":"standard","meta":{"ngg_post_thumbnail":0,"footnotes":""},"categories":[696943,526,11909],"tags":[],"aioseo_notices":[],"_links":{"self":[{"href":"https:\/\/blogsaverroes.juntadeandalucia.es\/ceipsilos\/wp-json\/wp\/v2\/posts\/1958"}],"collection":[{"href":"https:\/\/blogsaverroes.juntadeandalucia.es\/ceipsilos\/wp-json\/wp\/v2\/posts"}],"about":[{"href":"https:\/\/blogsaverroes.juntadeandalucia.es\/ceipsilos\/wp-json\/wp\/v2\/types\/post"}],"author":[{"embeddable":true,"href":"https:\/\/blogsaverroes.juntadeandalucia.es\/ceipsilos\/wp-json\/wp\/v2\/users\/5518"}],"replies":[{"embeddable":true,"href":"https:\/\/blogsaverroes.juntadeandalucia.es\/ceipsilos\/wp-json\/wp\/v2\/comments?post=1958"}],"version-history":[{"count":0,"href":"https:\/\/blogsaverroes.juntadeandalucia.es\/ceipsilos\/wp-json\/wp\/v2\/posts\/1958\/revisions"}],"wp:attachment":[{"href":"https:\/\/blogsaverroes.juntadeandalucia.es\/ceipsilos\/wp-json\/wp\/v2\/media?parent=1958"}],"wp:term":[{"taxonomy":"category","embeddable":true,"href":"https:\/\/blogsaverroes.juntadeandalucia.es\/ceipsilos\/wp-json\/wp\/v2\/categories?post=1958"},{"taxonomy":"post_tag","embeddable":true,"href":"https:\/\/blogsaverroes.juntadeandalucia.es\/ceipsilos\/wp-json\/wp\/v2\/tags?post=1958"}],"curies":[{"name":"wp","href":"https:\/\/api.w.org\/{rel}","templated":true}]}}