{"id":2174,"date":"2016-12-04T18:32:31","date_gmt":"2016-12-04T18:32:31","guid":{"rendered":"http:\/\/ceipsilosalcala.redes-cepalcala.org\/?p=2174"},"modified":"2016-12-04T18:32:31","modified_gmt":"2016-12-04T18:32:31","slug":"clarinetaurium","status":"publish","type":"post","link":"https:\/\/blogsaverroes.juntadeandalucia.es\/ceipsilos\/clarinetaurium\/","title":{"rendered":"CLARINETAURIUM"},"content":{"rendered":"<p style=\"text-align: left\">Desde el \u00e1rea de M\u00fasica, gracias a la obra social de La Caixa y al Ayuntamiento de nuestra localidad, pudieron asistir a la obra \u00abClarinetarium\u00bb todos los alumnos de E. Primaria de nuestro colegio. Es un espect\u00e1culo-concierto que combina m\u00fasica, peque\u00f1os experimentos e historia. De la mano de 3 m\u00fasicos,viajamos por la historia de la m\u00fasica para descubrir el pasado y el presente del clarinete; y c\u00f3mo la evoluci\u00f3n del instrumento est\u00e1 ligada a la evoluci\u00f3n de la m\u00fasica y de la historia.<\/p>\n<p style=\"text-align: left\">Una actividad muy completa y divertida.<\/p>\n<p><a href=\"https:\/\/drive.google.com\/drive\/folders\/0B8xbz_KKZulbWTZmQlBJUW54ZTQ?usp=sharing\" target=\"_blank\">Clarinetarium<\/a><\/p>\n","protected":false},"excerpt":{"rendered":"<p>Desde el \u00e1rea de M\u00fasica, gracias a la obra social de La Caixa y al Ayuntamiento de nuestra localidad, pudieron asistir a la obra \u00abClarinetarium\u00bb todos los alumnos de E. Primaria de nuestro colegio. Es un espect\u00e1culo-concierto que combina m\u00fasica, peque\u00f1os experimentos e historia. De la mano de 3 m\u00fasicos,viajamos por la historia de la &hellip; <\/p>\n<p><a class=\"more-link btn\" href=\"https:\/\/blogsaverroes.juntadeandalucia.es\/ceipsilos\/clarinetaurium\/\">Seguir leyendo<\/a><\/p>\n","protected":false},"author":5518,"featured_media":0,"comment_status":"closed","ping_status":"open","sticky":false,"template":"","format":"standard","meta":{"ngg_post_thumbnail":0,"footnotes":""},"categories":[696943,526,11909],"tags":[],"aioseo_notices":[],"_links":{"self":[{"href":"https:\/\/blogsaverroes.juntadeandalucia.es\/ceipsilos\/wp-json\/wp\/v2\/posts\/2174"}],"collection":[{"href":"https:\/\/blogsaverroes.juntadeandalucia.es\/ceipsilos\/wp-json\/wp\/v2\/posts"}],"about":[{"href":"https:\/\/blogsaverroes.juntadeandalucia.es\/ceipsilos\/wp-json\/wp\/v2\/types\/post"}],"author":[{"embeddable":true,"href":"https:\/\/blogsaverroes.juntadeandalucia.es\/ceipsilos\/wp-json\/wp\/v2\/users\/5518"}],"replies":[{"embeddable":true,"href":"https:\/\/blogsaverroes.juntadeandalucia.es\/ceipsilos\/wp-json\/wp\/v2\/comments?post=2174"}],"version-history":[{"count":0,"href":"https:\/\/blogsaverroes.juntadeandalucia.es\/ceipsilos\/wp-json\/wp\/v2\/posts\/2174\/revisions"}],"wp:attachment":[{"href":"https:\/\/blogsaverroes.juntadeandalucia.es\/ceipsilos\/wp-json\/wp\/v2\/media?parent=2174"}],"wp:term":[{"taxonomy":"category","embeddable":true,"href":"https:\/\/blogsaverroes.juntadeandalucia.es\/ceipsilos\/wp-json\/wp\/v2\/categories?post=2174"},{"taxonomy":"post_tag","embeddable":true,"href":"https:\/\/blogsaverroes.juntadeandalucia.es\/ceipsilos\/wp-json\/wp\/v2\/tags?post=2174"}],"curies":[{"name":"wp","href":"https:\/\/api.w.org\/{rel}","templated":true}]}}