{"id":2184,"date":"2016-12-04T20:02:00","date_gmt":"2016-12-04T20:02:00","guid":{"rendered":"http:\/\/ceipsilosalcala.redes-cepalcala.org\/?p=2184"},"modified":"2016-12-04T20:02:00","modified_gmt":"2016-12-04T20:02:00","slug":"visitamos-el-parque-del-majuelo","status":"publish","type":"post","link":"https:\/\/blogsaverroes.juntadeandalucia.es\/ceipsilos\/visitamos-el-parque-del-majuelo\/","title":{"rendered":"VISITAMOS EL PARQUE DEL MAJUELO"},"content":{"rendered":"<p>Aprovechando que en Infantil de 5 a\u00f1os estamos trabajando el proyecto del Espacio, el pasado 2 de diciembre nuestros alumnos\/as estuvieron en el observatorio astron\u00f3mico que hay en el parque del Majuelo en La Rinconada. All\u00ed tuvieron ocasi\u00f3n de ver el Sol y los planetas, as\u00ed como de aprender m\u00e1s sobre la Luna y algunas constelaciones.\u00a0A media ma\u00f1ana salieron al parque y realizaron distintas actividades al aire libre.<\/p>\n<p>\u00a1Un d\u00eda fant\u00e1stico!<\/p>\n<p><a href=\"https:\/\/drive.google.com\/drive\/folders\/0B8xbz_KKZulbUGRJT0pIbGNxWUk?usp=sharing\" target=\"_blank\">Visitamos el Parque del Majuelo<\/a><\/p>\n","protected":false},"excerpt":{"rendered":"<p>Aprovechando que en Infantil de 5 a\u00f1os estamos trabajando el proyecto del Espacio, el pasado 2 de diciembre nuestros alumnos\/as estuvieron en el observatorio astron\u00f3mico que hay en el parque del Majuelo en La Rinconada. All\u00ed tuvieron ocasi\u00f3n de ver el Sol y los planetas, as\u00ed como de aprender m\u00e1s sobre la Luna y algunas &hellip; <\/p>\n<p><a class=\"more-link btn\" href=\"https:\/\/blogsaverroes.juntadeandalucia.es\/ceipsilos\/visitamos-el-parque-del-majuelo\/\">Seguir leyendo<\/a><\/p>\n","protected":false},"author":5518,"featured_media":0,"comment_status":"closed","ping_status":"open","sticky":false,"template":"","format":"standard","meta":{"ngg_post_thumbnail":0,"footnotes":""},"categories":[696943,526,11909],"tags":[],"aioseo_notices":[],"_links":{"self":[{"href":"https:\/\/blogsaverroes.juntadeandalucia.es\/ceipsilos\/wp-json\/wp\/v2\/posts\/2184"}],"collection":[{"href":"https:\/\/blogsaverroes.juntadeandalucia.es\/ceipsilos\/wp-json\/wp\/v2\/posts"}],"about":[{"href":"https:\/\/blogsaverroes.juntadeandalucia.es\/ceipsilos\/wp-json\/wp\/v2\/types\/post"}],"author":[{"embeddable":true,"href":"https:\/\/blogsaverroes.juntadeandalucia.es\/ceipsilos\/wp-json\/wp\/v2\/users\/5518"}],"replies":[{"embeddable":true,"href":"https:\/\/blogsaverroes.juntadeandalucia.es\/ceipsilos\/wp-json\/wp\/v2\/comments?post=2184"}],"version-history":[{"count":0,"href":"https:\/\/blogsaverroes.juntadeandalucia.es\/ceipsilos\/wp-json\/wp\/v2\/posts\/2184\/revisions"}],"wp:attachment":[{"href":"https:\/\/blogsaverroes.juntadeandalucia.es\/ceipsilos\/wp-json\/wp\/v2\/media?parent=2184"}],"wp:term":[{"taxonomy":"category","embeddable":true,"href":"https:\/\/blogsaverroes.juntadeandalucia.es\/ceipsilos\/wp-json\/wp\/v2\/categories?post=2184"},{"taxonomy":"post_tag","embeddable":true,"href":"https:\/\/blogsaverroes.juntadeandalucia.es\/ceipsilos\/wp-json\/wp\/v2\/tags?post=2184"}],"curies":[{"name":"wp","href":"https:\/\/api.w.org\/{rel}","templated":true}]}}