{"id":2198,"date":"2016-12-27T11:55:12","date_gmt":"2016-12-27T11:55:12","guid":{"rendered":"http:\/\/ceipsilosalcala.redes-cepalcala.org\/?p=2198"},"modified":"2016-12-27T11:55:12","modified_gmt":"2016-12-27T11:55:12","slug":"fin-de-trimestre","status":"publish","type":"post","link":"https:\/\/blogsaverroes.juntadeandalucia.es\/ceipsilos\/fin-de-trimestre\/","title":{"rendered":"FIN DE TRIMESTRE"},"content":{"rendered":"<p>En la \u00faltima semana del primer trimestre se han organizado en el centro diferentes actividades para celebrar la llegada de las vacaciones de navidad.<\/p>\n<p>Desde A.M.P.A. se organiz\u00f3 la visita de los pajes a nuestro colegio.<\/p>\n<p>En E. Infantil han celebrado una fiesta de cotill\u00f3n para celebrar el a\u00f1o nuevo.<\/p>\n<p>En el \u00e1rea de M\u00fasica y Religi\u00f3n han organizado un recital de villancicos.<\/p>\n<p>En Educaci\u00f3n F\u00edsica se realiz\u00f3 una sesi\u00f3n de iniciaci\u00f3n al patinaje sobre hielo.<\/p>\n<p>Se han organizado en diferentes clases desayunos compartidos.<\/p>\n<p>Y muchas m\u00e1s &#8230;<\/p>\n<p>Desde el centro queremos agradecer a las familias su implicaci\u00f3n en la organizaci\u00f3n y buen desarrollo de las mismas.<\/p>\n<p><a href=\"https:\/\/drive.google.com\/drive\/folders\/0B8xbz_KKZulbYXZWZENFY0ZYRzg?usp=sharing\" target=\"_blank\">Pajes<\/a><\/p>\n<p><a href=\"https:\/\/drive.google.com\/drive\/folders\/0B8xbz_KKZulbaEEya2lJRGZLc0U?usp=sharing\" target=\"_blank\">Cotill\u00f3n fin de a\u00f1o<\/a><\/p>\n<p><a href=\"https:\/\/drive.google.com\/drive\/folders\/0B8xbz_KKZulbMHhlZjNHQWhSY2M?usp=sharing\" target=\"_blank\">Villancicos<\/a><\/p>\n<p><a href=\"https:\/\/drive.google.com\/drive\/folders\/0B8xbz_KKZulbT3ZYZ2hLV25Hcmc?usp=sharing\" target=\"_blank\">Patinaje<\/a><\/p>\n","protected":false},"excerpt":{"rendered":"<p>En la \u00faltima semana del primer trimestre se han organizado en el centro diferentes actividades para celebrar la llegada de las vacaciones de navidad. Desde A.M.P.A. se organiz\u00f3 la visita de los pajes a nuestro colegio. En E. Infantil han celebrado una fiesta de cotill\u00f3n para celebrar el a\u00f1o nuevo. En el \u00e1rea de M\u00fasica &hellip; <\/p>\n<p><a class=\"more-link btn\" href=\"https:\/\/blogsaverroes.juntadeandalucia.es\/ceipsilos\/fin-de-trimestre\/\">Seguir leyendo<\/a><\/p>\n","protected":false},"author":5518,"featured_media":0,"comment_status":"closed","ping_status":"open","sticky":false,"template":"","format":"standard","meta":{"ngg_post_thumbnail":0,"footnotes":""},"categories":[696943,526,11909],"tags":[],"aioseo_notices":[],"_links":{"self":[{"href":"https:\/\/blogsaverroes.juntadeandalucia.es\/ceipsilos\/wp-json\/wp\/v2\/posts\/2198"}],"collection":[{"href":"https:\/\/blogsaverroes.juntadeandalucia.es\/ceipsilos\/wp-json\/wp\/v2\/posts"}],"about":[{"href":"https:\/\/blogsaverroes.juntadeandalucia.es\/ceipsilos\/wp-json\/wp\/v2\/types\/post"}],"author":[{"embeddable":true,"href":"https:\/\/blogsaverroes.juntadeandalucia.es\/ceipsilos\/wp-json\/wp\/v2\/users\/5518"}],"replies":[{"embeddable":true,"href":"https:\/\/blogsaverroes.juntadeandalucia.es\/ceipsilos\/wp-json\/wp\/v2\/comments?post=2198"}],"version-history":[{"count":0,"href":"https:\/\/blogsaverroes.juntadeandalucia.es\/ceipsilos\/wp-json\/wp\/v2\/posts\/2198\/revisions"}],"wp:attachment":[{"href":"https:\/\/blogsaverroes.juntadeandalucia.es\/ceipsilos\/wp-json\/wp\/v2\/media?parent=2198"}],"wp:term":[{"taxonomy":"category","embeddable":true,"href":"https:\/\/blogsaverroes.juntadeandalucia.es\/ceipsilos\/wp-json\/wp\/v2\/categories?post=2198"},{"taxonomy":"post_tag","embeddable":true,"href":"https:\/\/blogsaverroes.juntadeandalucia.es\/ceipsilos\/wp-json\/wp\/v2\/tags?post=2198"}],"curies":[{"name":"wp","href":"https:\/\/api.w.org\/{rel}","templated":true}]}}