{"id":2237,"date":"2017-04-06T16:27:38","date_gmt":"2017-04-06T16:27:38","guid":{"rendered":"http:\/\/ceipsilosalcala.redes-cepalcala.org\/?p=2237"},"modified":"2017-04-06T16:27:38","modified_gmt":"2017-04-06T16:27:38","slug":"st-patricks-day","status":"publish","type":"post","link":"https:\/\/blogsaverroes.juntadeandalucia.es\/ceipsilos\/st-patricks-day\/","title":{"rendered":"ST. PATRICK\u00b4S DAY"},"content":{"rendered":"<p>En el \u00e1rea de Ingl\u00e9s se ha trabajado la fiesta del D\u00eda de San Patricio. Se celebra anualmente\u00a0el 17 de marzo\u00a0para conmemorar el fallecimiento de San Patricio, santo patr\u00f3n de Irlanda.\u00a0Se disfruta a nivel mundial visti\u00e9ndose de verde y asistiendo a desfiles.<\/p>\n<p><a href=\"https:\/\/drive.google.com\/drive\/folders\/0B8xbz_KKZulbVW94d1Z4SjNqWFk?usp=sharing\" target=\"_blank\">St. Patrick\u00b4s day<\/a><\/p>\n","protected":false},"excerpt":{"rendered":"<p>En el \u00e1rea de Ingl\u00e9s se ha trabajado la fiesta del D\u00eda de San Patricio. Se celebra anualmente\u00a0el 17 de marzo\u00a0para conmemorar el fallecimiento de San Patricio, santo patr\u00f3n de Irlanda.\u00a0Se disfruta a nivel mundial visti\u00e9ndose de verde y asistiendo a desfiles. St. Patrick\u00b4s day<\/p>\n","protected":false},"author":5518,"featured_media":0,"comment_status":"closed","ping_status":"open","sticky":false,"template":"","format":"standard","meta":{"ngg_post_thumbnail":0,"footnotes":""},"categories":[696943,526,11909],"tags":[],"aioseo_notices":[],"_links":{"self":[{"href":"https:\/\/blogsaverroes.juntadeandalucia.es\/ceipsilos\/wp-json\/wp\/v2\/posts\/2237"}],"collection":[{"href":"https:\/\/blogsaverroes.juntadeandalucia.es\/ceipsilos\/wp-json\/wp\/v2\/posts"}],"about":[{"href":"https:\/\/blogsaverroes.juntadeandalucia.es\/ceipsilos\/wp-json\/wp\/v2\/types\/post"}],"author":[{"embeddable":true,"href":"https:\/\/blogsaverroes.juntadeandalucia.es\/ceipsilos\/wp-json\/wp\/v2\/users\/5518"}],"replies":[{"embeddable":true,"href":"https:\/\/blogsaverroes.juntadeandalucia.es\/ceipsilos\/wp-json\/wp\/v2\/comments?post=2237"}],"version-history":[{"count":0,"href":"https:\/\/blogsaverroes.juntadeandalucia.es\/ceipsilos\/wp-json\/wp\/v2\/posts\/2237\/revisions"}],"wp:attachment":[{"href":"https:\/\/blogsaverroes.juntadeandalucia.es\/ceipsilos\/wp-json\/wp\/v2\/media?parent=2237"}],"wp:term":[{"taxonomy":"category","embeddable":true,"href":"https:\/\/blogsaverroes.juntadeandalucia.es\/ceipsilos\/wp-json\/wp\/v2\/categories?post=2237"},{"taxonomy":"post_tag","embeddable":true,"href":"https:\/\/blogsaverroes.juntadeandalucia.es\/ceipsilos\/wp-json\/wp\/v2\/tags?post=2237"}],"curies":[{"name":"wp","href":"https:\/\/api.w.org\/{rel}","templated":true}]}}