{"id":2241,"date":"2017-04-06T16:42:44","date_gmt":"2017-04-06T16:42:44","guid":{"rendered":"http:\/\/ceipsilosalcala.redes-cepalcala.org\/?p=2241"},"modified":"2017-04-06T16:42:44","modified_gmt":"2017-04-06T16:42:44","slug":"allegro-vivace","status":"publish","type":"post","link":"https:\/\/blogsaverroes.juntadeandalucia.es\/ceipsilos\/allegro-vivace\/","title":{"rendered":"ALLEGRO VIVACE"},"content":{"rendered":"<p>El pasado mi\u00e9rcoles 29 de marzo los alumnos de quinto de E. Primaria asistieron a la \u00f3pera \u201cAllegro Vivace\u201d en el teatro de la Maestranza de Sevilla.<\/p>\n<p>En la misma jornada realizaron una gymkana en la Plaza de Espa\u00f1a referente a la geograf\u00eda pol\u00edtica de Espa\u00f1a.<\/p>\n<p><a href=\"https:\/\/drive.google.com\/drive\/folders\/0B8xbz_KKZulbVW9tRU05dUdtZUU?usp=sharing\" target=\"_blank\">Allegro Vivace<\/a><\/p>\n","protected":false},"excerpt":{"rendered":"<p>El pasado mi\u00e9rcoles 29 de marzo los alumnos de quinto de E. Primaria asistieron a la \u00f3pera \u201cAllegro Vivace\u201d en el teatro de la Maestranza de Sevilla. En la misma jornada realizaron una gymkana en la Plaza de Espa\u00f1a referente a la geograf\u00eda pol\u00edtica de Espa\u00f1a. Allegro Vivace<\/p>\n","protected":false},"author":5518,"featured_media":0,"comment_status":"closed","ping_status":"open","sticky":false,"template":"","format":"standard","meta":{"ngg_post_thumbnail":0,"footnotes":""},"categories":[696943,526,11909],"tags":[],"aioseo_notices":[],"_links":{"self":[{"href":"https:\/\/blogsaverroes.juntadeandalucia.es\/ceipsilos\/wp-json\/wp\/v2\/posts\/2241"}],"collection":[{"href":"https:\/\/blogsaverroes.juntadeandalucia.es\/ceipsilos\/wp-json\/wp\/v2\/posts"}],"about":[{"href":"https:\/\/blogsaverroes.juntadeandalucia.es\/ceipsilos\/wp-json\/wp\/v2\/types\/post"}],"author":[{"embeddable":true,"href":"https:\/\/blogsaverroes.juntadeandalucia.es\/ceipsilos\/wp-json\/wp\/v2\/users\/5518"}],"replies":[{"embeddable":true,"href":"https:\/\/blogsaverroes.juntadeandalucia.es\/ceipsilos\/wp-json\/wp\/v2\/comments?post=2241"}],"version-history":[{"count":0,"href":"https:\/\/blogsaverroes.juntadeandalucia.es\/ceipsilos\/wp-json\/wp\/v2\/posts\/2241\/revisions"}],"wp:attachment":[{"href":"https:\/\/blogsaverroes.juntadeandalucia.es\/ceipsilos\/wp-json\/wp\/v2\/media?parent=2241"}],"wp:term":[{"taxonomy":"category","embeddable":true,"href":"https:\/\/blogsaverroes.juntadeandalucia.es\/ceipsilos\/wp-json\/wp\/v2\/categories?post=2241"},{"taxonomy":"post_tag","embeddable":true,"href":"https:\/\/blogsaverroes.juntadeandalucia.es\/ceipsilos\/wp-json\/wp\/v2\/tags?post=2241"}],"curies":[{"name":"wp","href":"https:\/\/api.w.org\/{rel}","templated":true}]}}