{"id":2254,"date":"2017-04-27T08:23:30","date_gmt":"2017-04-27T08:23:30","guid":{"rendered":"http:\/\/ceipsilosalcala.redes-cepalcala.org\/?p=2254"},"modified":"2017-04-27T08:23:30","modified_gmt":"2017-04-27T08:23:30","slug":"procesion-del-c-e-i-p-silos-5","status":"publish","type":"post","link":"https:\/\/blogsaverroes.juntadeandalucia.es\/ceipsilos\/procesion-del-c-e-i-p-silos-5\/","title":{"rendered":"PROCESI\u00d3N DEL C.E.I.P. SILOS"},"content":{"rendered":"<p>Como ya es tradici\u00f3n, la procesi\u00f3n del centro recorri\u00f3 las calles aleda\u00f1as al colegio. El recorrido cont\u00f3 con una gran afluencia de p\u00fablico. Este a\u00f1o, adem\u00e1s de disfrutar del balc\u00f3n donde los alumnos han dedicado saetas y discursos emotivos a nuestra procesi\u00f3n, hemos estrenado un nuevo palio.<\/p>\n<p>Queremos aprovechar para agradecerles su apoyo y destacar la participaci\u00f3n y el esfuerzo realizado por todos los participantes en hacer realidad \u00e9sta actividad.<\/p>\n<p><a href=\"https:\/\/drive.google.com\/drive\/folders\/0B8xbz_KKZulbNEJmRnRVdkcxVFE?usp=sharing\" target=\"_blank\">Procesi\u00f3n del C.E.I.P. Silos<\/a><\/p>\n","protected":false},"excerpt":{"rendered":"<p>Como ya es tradici\u00f3n, la procesi\u00f3n del centro recorri\u00f3 las calles aleda\u00f1as al colegio. El recorrido cont\u00f3 con una gran afluencia de p\u00fablico. Este a\u00f1o, adem\u00e1s de disfrutar del balc\u00f3n donde los alumnos han dedicado saetas y discursos emotivos a nuestra procesi\u00f3n, hemos estrenado un nuevo palio. Queremos aprovechar para agradecerles su apoyo y destacar &hellip; <\/p>\n<p><a class=\"more-link btn\" href=\"https:\/\/blogsaverroes.juntadeandalucia.es\/ceipsilos\/procesion-del-c-e-i-p-silos-5\/\">Seguir leyendo<\/a><\/p>\n","protected":false},"author":5518,"featured_media":0,"comment_status":"closed","ping_status":"open","sticky":false,"template":"","format":"standard","meta":{"ngg_post_thumbnail":0,"footnotes":""},"categories":[696943,526,11909],"tags":[],"aioseo_notices":[],"_links":{"self":[{"href":"https:\/\/blogsaverroes.juntadeandalucia.es\/ceipsilos\/wp-json\/wp\/v2\/posts\/2254"}],"collection":[{"href":"https:\/\/blogsaverroes.juntadeandalucia.es\/ceipsilos\/wp-json\/wp\/v2\/posts"}],"about":[{"href":"https:\/\/blogsaverroes.juntadeandalucia.es\/ceipsilos\/wp-json\/wp\/v2\/types\/post"}],"author":[{"embeddable":true,"href":"https:\/\/blogsaverroes.juntadeandalucia.es\/ceipsilos\/wp-json\/wp\/v2\/users\/5518"}],"replies":[{"embeddable":true,"href":"https:\/\/blogsaverroes.juntadeandalucia.es\/ceipsilos\/wp-json\/wp\/v2\/comments?post=2254"}],"version-history":[{"count":0,"href":"https:\/\/blogsaverroes.juntadeandalucia.es\/ceipsilos\/wp-json\/wp\/v2\/posts\/2254\/revisions"}],"wp:attachment":[{"href":"https:\/\/blogsaverroes.juntadeandalucia.es\/ceipsilos\/wp-json\/wp\/v2\/media?parent=2254"}],"wp:term":[{"taxonomy":"category","embeddable":true,"href":"https:\/\/blogsaverroes.juntadeandalucia.es\/ceipsilos\/wp-json\/wp\/v2\/categories?post=2254"},{"taxonomy":"post_tag","embeddable":true,"href":"https:\/\/blogsaverroes.juntadeandalucia.es\/ceipsilos\/wp-json\/wp\/v2\/tags?post=2254"}],"curies":[{"name":"wp","href":"https:\/\/api.w.org\/{rel}","templated":true}]}}