{"id":2262,"date":"2017-05-21T19:20:38","date_gmt":"2017-05-21T19:20:38","guid":{"rendered":"http:\/\/ceipsilosalcala.redes-cepalcala.org\/?p=2262"},"modified":"2017-05-21T19:20:38","modified_gmt":"2017-05-21T19:20:38","slug":"teatro-de-murillo","status":"publish","type":"post","link":"https:\/\/blogsaverroes.juntadeandalucia.es\/ceipsilos\/teatro-de-murillo\/","title":{"rendered":"TEATRO DE MURILLO"},"content":{"rendered":"<p>Durante el presente curso hemos trabajado en el colegio a Don Bartolom\u00e9 Esteban Murillo. Este a\u00f1o se celebra el IV Centenario de su nacimiento y para conmemorarlo se han desarrollado diferentes actividades.<\/p>\n<p>Esta semana hemos disfrutado de un teatro sobre la vida y obra del pintor sevillano.<\/p>\n<p>Queremos agradecer a A.M.P.A. su implicaci\u00f3n en el desarrollo de esta actividad sufragando la totalidad de su coste. Sin su colaboraci\u00f3n no se podr\u00edan haber realizado.<\/p>\n<p><a href=\"https:\/\/drive.google.com\/drive\/folders\/0B8xbz_KKZulbLXBjWDVvM0FuVWs?usp=sharing\" target=\"_blank\">Teatro de Murillo<\/a><\/p>\n","protected":false},"excerpt":{"rendered":"<p>Durante el presente curso hemos trabajado en el colegio a Don Bartolom\u00e9 Esteban Murillo. Este a\u00f1o se celebra el IV Centenario de su nacimiento y para conmemorarlo se han desarrollado diferentes actividades. Esta semana hemos disfrutado de un teatro sobre la vida y obra del pintor sevillano. Queremos agradecer a A.M.P.A. su implicaci\u00f3n en el &hellip; <\/p>\n<p><a class=\"more-link btn\" href=\"https:\/\/blogsaverroes.juntadeandalucia.es\/ceipsilos\/teatro-de-murillo\/\">Seguir leyendo<\/a><\/p>\n","protected":false},"author":5518,"featured_media":0,"comment_status":"closed","ping_status":"open","sticky":false,"template":"","format":"standard","meta":{"ngg_post_thumbnail":0,"footnotes":""},"categories":[696943,526,11909],"tags":[],"aioseo_notices":[],"_links":{"self":[{"href":"https:\/\/blogsaverroes.juntadeandalucia.es\/ceipsilos\/wp-json\/wp\/v2\/posts\/2262"}],"collection":[{"href":"https:\/\/blogsaverroes.juntadeandalucia.es\/ceipsilos\/wp-json\/wp\/v2\/posts"}],"about":[{"href":"https:\/\/blogsaverroes.juntadeandalucia.es\/ceipsilos\/wp-json\/wp\/v2\/types\/post"}],"author":[{"embeddable":true,"href":"https:\/\/blogsaverroes.juntadeandalucia.es\/ceipsilos\/wp-json\/wp\/v2\/users\/5518"}],"replies":[{"embeddable":true,"href":"https:\/\/blogsaverroes.juntadeandalucia.es\/ceipsilos\/wp-json\/wp\/v2\/comments?post=2262"}],"version-history":[{"count":0,"href":"https:\/\/blogsaverroes.juntadeandalucia.es\/ceipsilos\/wp-json\/wp\/v2\/posts\/2262\/revisions"}],"wp:attachment":[{"href":"https:\/\/blogsaverroes.juntadeandalucia.es\/ceipsilos\/wp-json\/wp\/v2\/media?parent=2262"}],"wp:term":[{"taxonomy":"category","embeddable":true,"href":"https:\/\/blogsaverroes.juntadeandalucia.es\/ceipsilos\/wp-json\/wp\/v2\/categories?post=2262"},{"taxonomy":"post_tag","embeddable":true,"href":"https:\/\/blogsaverroes.juntadeandalucia.es\/ceipsilos\/wp-json\/wp\/v2\/tags?post=2262"}],"curies":[{"name":"wp","href":"https:\/\/api.w.org\/{rel}","templated":true}]}}