{"id":2391,"date":"2014-04-04T08:41:25","date_gmt":"2014-04-04T08:41:25","guid":{"rendered":"http:\/\/ceipsilosalcala.redes-cepalcala.org\/?p=1413"},"modified":"2014-04-04T08:41:25","modified_gmt":"2014-04-04T08:41:25","slug":"entrega-de-notas","status":"publish","type":"post","link":"https:\/\/blogsaverroes.juntadeandalucia.es\/ceipsilos\/entrega-de-notas\/","title":{"rendered":"ENTREGA DE NOTAS"},"content":{"rendered":"<p>Les informamos que el viernes 11 de abril se har\u00e1 entrega de los boletines de calificaciones\u00a0 relativos al segundo trimestre.<\/p>\n<p>\u00c9stos\u00a0 se dar\u00e1n a los alumnos ese d\u00eda a las 14:00 horas.<\/p>\n<p>Para cualquier informaci\u00f3n que necesiten referente a la evoluci\u00f3n de sus hijos\/as deber\u00e1n solicitar tutor\u00eda.<\/p>\n<p>As\u00ed mismo les recordamos que el tercer trimestre dar\u00e1 comienzo el lunes 21 de abril.<\/p>\n<p>Aprovechamos para mandarles un cordial saludo y desearles\u00a0que pasen unas felices vacaciones de Semana Santa.<\/p>\n","protected":false},"excerpt":{"rendered":"<p>Les informamos que el viernes 11 de abril se har\u00e1 entrega de los boletines de calificaciones\u00a0 relativos al segundo trimestre. \u00c9stos\u00a0 se dar\u00e1n a los alumnos ese d\u00eda a las 14:00 horas. Para cualquier informaci\u00f3n que necesiten referente a la evoluci\u00f3n de sus hijos\/as deber\u00e1n solicitar tutor\u00eda. As\u00ed mismo les recordamos que el tercer trimestre &hellip; <\/p>\n<p><a class=\"more-link btn\" href=\"https:\/\/blogsaverroes.juntadeandalucia.es\/ceipsilos\/entrega-de-notas\/\">Seguir leyendo<\/a><\/p>\n","protected":false},"author":5518,"featured_media":0,"comment_status":"closed","ping_status":"open","sticky":false,"template":"","format":"standard","meta":{"ngg_post_thumbnail":0,"footnotes":""},"categories":[526,11909],"tags":[],"aioseo_notices":[],"_links":{"self":[{"href":"https:\/\/blogsaverroes.juntadeandalucia.es\/ceipsilos\/wp-json\/wp\/v2\/posts\/2391"}],"collection":[{"href":"https:\/\/blogsaverroes.juntadeandalucia.es\/ceipsilos\/wp-json\/wp\/v2\/posts"}],"about":[{"href":"https:\/\/blogsaverroes.juntadeandalucia.es\/ceipsilos\/wp-json\/wp\/v2\/types\/post"}],"author":[{"embeddable":true,"href":"https:\/\/blogsaverroes.juntadeandalucia.es\/ceipsilos\/wp-json\/wp\/v2\/users\/5518"}],"replies":[{"embeddable":true,"href":"https:\/\/blogsaverroes.juntadeandalucia.es\/ceipsilos\/wp-json\/wp\/v2\/comments?post=2391"}],"version-history":[{"count":0,"href":"https:\/\/blogsaverroes.juntadeandalucia.es\/ceipsilos\/wp-json\/wp\/v2\/posts\/2391\/revisions"}],"wp:attachment":[{"href":"https:\/\/blogsaverroes.juntadeandalucia.es\/ceipsilos\/wp-json\/wp\/v2\/media?parent=2391"}],"wp:term":[{"taxonomy":"category","embeddable":true,"href":"https:\/\/blogsaverroes.juntadeandalucia.es\/ceipsilos\/wp-json\/wp\/v2\/categories?post=2391"},{"taxonomy":"post_tag","embeddable":true,"href":"https:\/\/blogsaverroes.juntadeandalucia.es\/ceipsilos\/wp-json\/wp\/v2\/tags?post=2391"}],"curies":[{"name":"wp","href":"https:\/\/api.w.org\/{rel}","templated":true}]}}