{"id":2392,"date":"2014-04-04T09:46:20","date_gmt":"2014-04-04T09:46:20","guid":{"rendered":"http:\/\/ceipsilosalcala.redes-cepalcala.org\/?p=1416"},"modified":"2014-04-04T09:46:20","modified_gmt":"2014-04-04T09:46:20","slug":"olimpiadas-matematicas","status":"publish","type":"post","link":"https:\/\/blogsaverroes.juntadeandalucia.es\/ceipsilos\/olimpiadas-matematicas\/","title":{"rendered":"OLIMPIADAS MATEM\u00c1TICAS"},"content":{"rendered":"<p><span><span><span><span>Algunos alumnos de 6\u00ba participaron en la XVIII edici\u00f3n de loas olimpiadas de matem\u00e1ticas de Sevilla.<\/span><\/span><\/span><\/span><\/p>\n<p><span><span><span><span>Despu\u00e9s de un d\u00eda inolvidable y espectacular nos dieron la clasificaci\u00f3n:<\/span><\/span><\/span><\/span><\/p>\n<p><span><span><span><span>En 4\u00ba puesto \u00abSilito 1\u00bb.<\/span><\/span><\/span><\/span><\/p>\n<p><span><span><span><span>En 5\u00ba lugar \u00abSilito al cuadrado\u00bb<\/span><\/span><\/span><\/span><\/p>\n<p><span><span><span><span>En 9\u00ba posici\u00f3n \u00abSilito al cubo\u00bb<\/span><\/span><\/span><\/span><\/p>\n<p><a class=\"shutterset_\" title=\" \" href=\"http:\/\/ceipsilosalcala.redes-cepalcala.org\/wp-content\/gallery\/olimpiadas-matematicas\/dscf0065.jpg\"><p>Invalid Displayed Gallery<\/p><\/a><\/p>\n<p><span><span>\u00a1FELICIDADES A TODOS LOS PARTICIPANTES!<\/span><\/span><\/p>\n","protected":false},"excerpt":{"rendered":"<p>Algunos alumnos de 6\u00ba participaron en la XVIII edici\u00f3n de loas olimpiadas de matem\u00e1ticas de Sevilla. Despu\u00e9s de un d\u00eda inolvidable y espectacular nos dieron la clasificaci\u00f3n: En 4\u00ba puesto \u00abSilito 1\u00bb. En 5\u00ba lugar \u00abSilito al cuadrado\u00bb En 9\u00ba posici\u00f3n \u00abSilito al cubo\u00bb Invalid Displayed Gallery \u00a1FELICIDADES A TODOS LOS PARTICIPANTES!<\/p>\n","protected":false},"author":5518,"featured_media":0,"comment_status":"closed","ping_status":"open","sticky":false,"template":"","format":"standard","meta":{"ngg_post_thumbnail":0,"footnotes":""},"categories":[696943,526,11909],"tags":[],"aioseo_notices":[],"_links":{"self":[{"href":"https:\/\/blogsaverroes.juntadeandalucia.es\/ceipsilos\/wp-json\/wp\/v2\/posts\/2392"}],"collection":[{"href":"https:\/\/blogsaverroes.juntadeandalucia.es\/ceipsilos\/wp-json\/wp\/v2\/posts"}],"about":[{"href":"https:\/\/blogsaverroes.juntadeandalucia.es\/ceipsilos\/wp-json\/wp\/v2\/types\/post"}],"author":[{"embeddable":true,"href":"https:\/\/blogsaverroes.juntadeandalucia.es\/ceipsilos\/wp-json\/wp\/v2\/users\/5518"}],"replies":[{"embeddable":true,"href":"https:\/\/blogsaverroes.juntadeandalucia.es\/ceipsilos\/wp-json\/wp\/v2\/comments?post=2392"}],"version-history":[{"count":0,"href":"https:\/\/blogsaverroes.juntadeandalucia.es\/ceipsilos\/wp-json\/wp\/v2\/posts\/2392\/revisions"}],"wp:attachment":[{"href":"https:\/\/blogsaverroes.juntadeandalucia.es\/ceipsilos\/wp-json\/wp\/v2\/media?parent=2392"}],"wp:term":[{"taxonomy":"category","embeddable":true,"href":"https:\/\/blogsaverroes.juntadeandalucia.es\/ceipsilos\/wp-json\/wp\/v2\/categories?post=2392"},{"taxonomy":"post_tag","embeddable":true,"href":"https:\/\/blogsaverroes.juntadeandalucia.es\/ceipsilos\/wp-json\/wp\/v2\/tags?post=2392"}],"curies":[{"name":"wp","href":"https:\/\/api.w.org\/{rel}","templated":true}]}}