{"id":2410,"date":"2014-09-05T09:04:37","date_gmt":"2014-09-05T09:04:37","guid":{"rendered":"http:\/\/ceipsilosalcala.redes-cepalcala.org\/?p=1539"},"modified":"2014-09-05T09:04:37","modified_gmt":"2014-09-05T09:04:37","slug":"inicio-del-comedor-escolar","status":"publish","type":"post","link":"https:\/\/blogsaverroes.juntadeandalucia.es\/ceipsilos\/inicio-del-comedor-escolar\/","title":{"rendered":"INICIO DEL COMEDOR ESCOLAR"},"content":{"rendered":"<p>Les informamos que la empresa adjudicataria encargada de la gesti\u00f3n del comedor de nuestro centro, para los dos pr\u00f3ximos cursos, es ARAMARK SERVICIOS DE CATERING SLU.<\/p>\n<p>Por necesidades de adecuaci\u00f3n y mobiliario la empresa ha comunicado al centro que el inicio del servicio se realizar\u00e1 en octubre.<\/p>\n<p>Les informaremos del proceso tan pronto como nos lo comuniquen.<\/p>\n<p>Para m\u00e1s informaci\u00f3n estamos a su disposici\u00f3n en Secretar\u00eda.<\/p>\n","protected":false},"excerpt":{"rendered":"<p>Les informamos que la empresa adjudicataria encargada de la gesti\u00f3n del comedor de nuestro centro, para los dos pr\u00f3ximos cursos, es ARAMARK SERVICIOS DE CATERING SLU. Por necesidades de adecuaci\u00f3n y mobiliario la empresa ha comunicado al centro que el inicio del servicio se realizar\u00e1 en octubre. Les informaremos del proceso tan pronto como nos &hellip; <\/p>\n<p><a class=\"more-link btn\" href=\"https:\/\/blogsaverroes.juntadeandalucia.es\/ceipsilos\/inicio-del-comedor-escolar\/\">Seguir leyendo<\/a><\/p>\n","protected":false},"author":5518,"featured_media":0,"comment_status":"closed","ping_status":"open","sticky":false,"template":"","format":"standard","meta":{"ngg_post_thumbnail":0,"footnotes":""},"categories":[526,11909],"tags":[],"aioseo_notices":[],"_links":{"self":[{"href":"https:\/\/blogsaverroes.juntadeandalucia.es\/ceipsilos\/wp-json\/wp\/v2\/posts\/2410"}],"collection":[{"href":"https:\/\/blogsaverroes.juntadeandalucia.es\/ceipsilos\/wp-json\/wp\/v2\/posts"}],"about":[{"href":"https:\/\/blogsaverroes.juntadeandalucia.es\/ceipsilos\/wp-json\/wp\/v2\/types\/post"}],"author":[{"embeddable":true,"href":"https:\/\/blogsaverroes.juntadeandalucia.es\/ceipsilos\/wp-json\/wp\/v2\/users\/5518"}],"replies":[{"embeddable":true,"href":"https:\/\/blogsaverroes.juntadeandalucia.es\/ceipsilos\/wp-json\/wp\/v2\/comments?post=2410"}],"version-history":[{"count":0,"href":"https:\/\/blogsaverroes.juntadeandalucia.es\/ceipsilos\/wp-json\/wp\/v2\/posts\/2410\/revisions"}],"wp:attachment":[{"href":"https:\/\/blogsaverroes.juntadeandalucia.es\/ceipsilos\/wp-json\/wp\/v2\/media?parent=2410"}],"wp:term":[{"taxonomy":"category","embeddable":true,"href":"https:\/\/blogsaverroes.juntadeandalucia.es\/ceipsilos\/wp-json\/wp\/v2\/categories?post=2410"},{"taxonomy":"post_tag","embeddable":true,"href":"https:\/\/blogsaverroes.juntadeandalucia.es\/ceipsilos\/wp-json\/wp\/v2\/tags?post=2410"}],"curies":[{"name":"wp","href":"https:\/\/api.w.org\/{rel}","templated":true}]}}